{"id":7846,"date":"2023-06-01T22:23:31","date_gmt":"2023-06-02T01:23:31","guid":{"rendered":"http:\/\/www.cinep.pb.gov.br\/portal\/?p=7846"},"modified":"2023-06-01T22:23:31","modified_gmt":"2023-06-02T01:23:31","slug":"joao-azevedo-anuncia-em-sao-paulo-resort-do-grupo-taua-e-assegura-investimento-de-mais-de-r-500-milhoes-no-polo-turistico-cabo-branco","status":"publish","type":"post","link":"https:\/\/www.cinep.pb.gov.br\/portal\/?p=7846","title":{"rendered":"Jo\u00e3o Azev\u00eado anuncia, em S\u00e3o Paulo, resort do Grupo Tau\u00e1 e assegura investimento de mais de R$ 500 milh\u00f5es no Polo Tur\u00edstico Cabo Branco"},"content":{"rendered":"<p>O governador Jo\u00e3o Azev\u00eado esteve, nesta quinta-feira (1) \u00e0 noite, em S\u00e3o Paulo, ocasi\u00e3o em que assinou o contrato para a constru\u00e7\u00e3o do Tau\u00e1 Resort Jo\u00e3o Pessoa, que ser\u00e1 instalado no Polo Tur\u00edstico Cabo Branco. Com investimento previsto de aproximadamente R$ 500 milh\u00f5es, o novo resort contar\u00e1 com 1.120 leitos e ir\u00e1 gerar dois mil empregos no per\u00edodo de obras e mil empregos\u00a0\u00a0quando estiver operando.<\/p>\n<p>\u201cEsse \u00e9 mais um grande empreendimento que representa mais emprego, fortalecimento da nossa economia em um setor que envolve diversas cadeias produtivas e que tamb\u00e9m ter\u00e1 impacto no turismo das demais regi\u00f5es da Para\u00edba porque o Polo ser\u00e1 a porta de entrada para que as pessoas conhe\u00e7am os nossos pontos tur\u00edsticos, a diversidade da nossa gastronomia, as atra\u00e7\u00f5es culturais, o artesanato. Al\u00e9m disso, atrairemos ainda mais eventos ao estado porque teremos um grande incremento na oferta de leitos\u201d, frisou o chefe do Executivo estadual.<\/p>\n<p>O resort ser\u00e1 constru\u00eddo em uma \u00e1rea de 300 mil m\u00b2, com 80 mil m\u00b2 de \u00e1rea verde. O projeto prev\u00ea oito restaurantes de gastronomia variada e um espa\u00e7o especialmente dedicado \u00e0 cozinha regional, cinco bares e dois lounges, SPA com piscina coberta, academia, centro de conven\u00e7\u00f5es e \u00e1rea para eventos.<\/p>\n<p>Segundo o grupo, o projeto ir\u00e1 valorizar o conceito de lazer em sinergia com a cultura regional, adotando elementos e materiais da regi\u00e3o para o design, enaltecendo o artesanato, a gastronomia e os costumes paraibanos. \u201cQueremos ajudar a impulsionar o turismo na regi\u00e3o e fortalecer a import\u00e2ncia do estado da Para\u00edba para o setor no Nordeste do Brasil\u201d, afirmou o CEO do Grupo Tau\u00e1, Daniel Ribeiro.<\/p>\n<p>Ainda sobre o novo resort, ele contar\u00e1 com sete piscinas, incluindo uma dedicada ao p\u00fablico infantil. Os h\u00f3spedes ainda contar\u00e3o com espa\u00e7os de entretenimento, que re\u00fane o clube infantil, cinema, boliche, teatro e outras atividades de lazer; e uma \u00e1rea de conv\u00edvio e descontra\u00e7\u00e3o localizada junto \u00e0 piscina principal e com uma pracinha t\u00edpica nordestina, com pequenas lojas, caf\u00e9s, quiosques e apresenta\u00e7\u00f5es. A previs\u00e3o de inaugura\u00e7\u00e3o do novo resort do Polo Tur\u00edstico Cabo Branco \u00e9 para o r\u00e9veillon de 2026.<\/p>\n<p>Impacto econ\u00f4mico do Polo Tur\u00edstico Cabo Branco \u2013 O projeto representa\u00a0\u00a0um divisor de \u00e1guas para o turismo da Para\u00edba. Atualmente, o complexo tur\u00edstico j\u00e1 conta com 240 leitos do Amado Bio &amp; Spa Hotel, 1.464 leitos do Ocean Palace Jampa Eco Beach Resort e 1.120 do novo resort.<\/p>\n<p>Segundo estudo realizado pela equipe de Desenvolvimento Econ\u00f4mico da Cinep, o n\u00famero de empregos no ramo de hotelaria subir\u00e1 para 10.772 empregos diretos e 28.757 empregos indiretos com a operacionaliza\u00e7\u00e3o do Polo Tur\u00edstico Cabo Branco, gerando uma massa salarial de R$ 212 milh\u00f5es ao ano de empregos diretos e R$ 820 milh\u00f5es ao ano para empregos indiretos.<\/p>\n<p><strong>Sobre o Polo Tur\u00edstico Cabo Branco<\/strong>\u00a0&#8211; O Polo \u00e9 o projeto do Governo da Para\u00edba que destina 21 lotes para o desenvolvimento do maior complexo tur\u00edstico planejado do Nordeste, que reunir\u00e1 resorts, parque aqu\u00e1tico, equipamentos de anima\u00e7\u00e3o e estabelecimentos de com\u00e9rcio e servi\u00e7os. Atualmente, o projeto j\u00e1 conta com o Centro de Conven\u00e7\u00f5es de Jo\u00e3o Pessoa, reconhecido e premiado nacionalmente.<\/p>\n<p>O projeto est\u00e1 inserido em uma \u00e1rea de 654 hectares, em uma regi\u00e3o privilegiada de Jo\u00e3o Pessoa e pr\u00f3ximo a diversos pontos tur\u00edsticos.<\/p>\n<p>Ambientalmente sustent\u00e1vel, o Polo Cabo Branco est\u00e1 situado entre o mar do litoral sul paraibano e o verde da Mata Atl\u00e2ntica, sendo abra\u00e7ado pelo Parque das Trilhas \u2014 a maior reserva ambiental de mata atl\u00e2ntica nativa inserida na malha urbana do Brasil \u2014, composto por mais de 575 hectares. No local, foram instalados os batalh\u00f5es da pol\u00edcia ambiental e tur\u00edstica, al\u00e9m de uma unidade de conserva\u00e7\u00e3o do parque.<\/p>\n<p>O Complexo tur\u00edstico j\u00e1 possui dois empreendimentos que est\u00e3o em fase de constru\u00e7\u00e3o: Ocean Palace Jampa Eco Beach Resort e o Amado Bio &amp; SPA Hotel. Al\u00e9m deles, o Governo do Estado iniciou a constru\u00e7\u00e3o do Boulevard dos Ip\u00eas &#8211; uma grande via p\u00fablica, com 700 m de extens\u00e3o por 33 m de largura e cerca de 20 mil m\u00b2 de \u00e1rea constru\u00edda, que ligar\u00e1 o Centro de Conven\u00e7\u00f5es a praia, regi\u00e3o do Polo Tur\u00edstico Cabo Branco. O projeto total, que reunir\u00e1 elementos culturais, tecnologia e sustentabilidade tem um investimento inicial de R$ 11 milh\u00f5es.<\/p>\n","protected":false},"excerpt":{"rendered":"<p>O governador Jo\u00e3o Azev\u00eado esteve, nesta quinta-feira (1) \u00e0 noite, em S\u00e3o Paulo, ocasi\u00e3o em que assinou o contrato para a constru\u00e7\u00e3o do Tau\u00e1 Resort Jo\u00e3o Pessoa, que ser\u00e1 instalado no Polo Tur\u00edstico Cabo Branco. Com investimento previsto de aproximadamente R$ 500 milh\u00f5es, o novo resort contar\u00e1 com 1.120 leitos e ir\u00e1 gerar dois mil empregos no per\u00edodo de obras e mil empregos\u00a0\u00a0quando estiver operando. \u201cEsse \u00e9 mais um grande<\/p>\n","protected":false},"author":7,"featured_media":7847,"comment_status":"closed","ping_status":"closed","sticky":false,"template":"","format":"standard","meta":{"ngg_post_thumbnail":0,"footnotes":""},"categories":[132],"tags":[],"class_list":["entry","author-thaise","post-7846","post","type-post","status-publish","format-standard","has-post-thumbnail","category-polo-turistico-cabo-branco"],"_links":{"self":[{"href":"https:\/\/www.cinep.pb.gov.br\/portal\/index.php?rest_route=\/wp\/v2\/posts\/7846","targetHints":{"allow":["GET"]}}],"collection":[{"href":"https:\/\/www.cinep.pb.gov.br\/portal\/index.php?rest_route=\/wp\/v2\/posts"}],"about":[{"href":"https:\/\/www.cinep.pb.gov.br\/portal\/index.php?rest_route=\/wp\/v2\/types\/post"}],"author":[{"embeddable":true,"href":"https:\/\/www.cinep.pb.gov.br\/portal\/index.php?rest_route=\/wp\/v2\/users\/7"}],"replies":[{"embeddable":true,"href":"https:\/\/www.cinep.pb.gov.br\/portal\/index.php?rest_route=%2Fwp%2Fv2%2Fcomments&post=7846"}],"version-history":[{"count":1,"href":"https:\/\/www.cinep.pb.gov.br\/portal\/index.php?rest_route=\/wp\/v2\/posts\/7846\/revisions"}],"predecessor-version":[{"id":7848,"href":"https:\/\/www.cinep.pb.gov.br\/portal\/index.php?rest_route=\/wp\/v2\/posts\/7846\/revisions\/7848"}],"wp:featuredmedia":[{"embeddable":true,"href":"https:\/\/www.cinep.pb.gov.br\/portal\/index.php?rest_route=\/wp\/v2\/media\/7847"}],"wp:attachment":[{"href":"https:\/\/www.cinep.pb.gov.br\/portal\/index.php?rest_route=%2Fwp%2Fv2%2Fmedia&parent=7846"}],"wp:term":[{"taxonomy":"category","embeddable":true,"href":"https:\/\/www.cinep.pb.gov.br\/portal\/index.php?rest_route=%2Fwp%2Fv2%2Fcategories&post=7846"},{"taxonomy":"post_tag","embeddable":true,"href":"https:\/\/www.cinep.pb.gov.br\/portal\/index.php?rest_route=%2Fwp%2Fv2%2Ftags&post=7846"}],"curies":[{"name":"wp","href":"https:\/\/api.w.org\/{rel}","templated":true}]}}