{"id":5774,"date":"2020-07-30T20:05:55","date_gmt":"2020-07-30T23:05:55","guid":{"rendered":"http:\/\/www.cinep.pb.gov.br\/portal\/?p=5774"},"modified":"2022-09-27T07:44:08","modified_gmt":"2022-09-27T10:44:08","slug":"governo-do-estado-realiza-sobrevoo-para-vistoria-tecnica-na-area-do-polo-turistico-cabo-branco","status":"publish","type":"post","link":"https:\/\/www.cinep.pb.gov.br\/portal\/?p=5774","title":{"rendered":"Governo do Estado realiza sobrevoo para vistoria t\u00e9cnica na \u00e1rea do Polo Tur\u00edstico Cabo Branco"},"content":{"rendered":"<p>Dando continuidade ao plano de retomada da economia e as tratativas para a viabiliza\u00e7\u00e3o e implanta\u00e7\u00e3o Polo Tur\u00edstico Cabo Branco, o Governo do Estado, atrav\u00e9s da Secretaria de Estado de Representa\u00e7\u00e3o Institucional da Para\u00edba (SERI), da Secretaria de Turismo e Desenvolvimento Econ\u00f4mico (SETDE) e da Companhia de Desenvolvimento da Para\u00edba \u2013 CINEP sobrevoaram na tarde desta quinta-feira (30) a \u00e1rea do Polo Tur\u00edstico Cabo Branco.<\/p>\n<p>Segundo o Diretor Presidente da Companhia de Desenvolvimento da Para\u00edba, Romulo Polari, a visita in loco teve como objetivo realizar uma vistoria t\u00e9cnica na \u00e1rea que compreende o Complexo Tur\u00edstico.<\/p>\n<p>O sobrevoo foi realizado com a supervis\u00e3o do agrupamento a\u00e9reo da Secretaria do Estado da Seguran\u00e7a e da Defesa Social (SESDS). Todas as pessoas que participaram da a\u00e7\u00e3o receberam antes da decolagem o chamado \u201cbriefing\u201d, ou seja, as instru\u00e7\u00f5es b\u00e1sicas para a realiza\u00e7\u00e3o de todo o procedimento do voo com seguran\u00e7a.<\/p>\n<p>Al\u00e9m Secret\u00e1rio Executivo da SERI, Adauto Fernandes; do Secret\u00e1rio de Turismo, Gustavo Feliciano; e do Diretor Presidente da CINEP, R\u00f4mulo Polari, participaram do procedimento de seguran\u00e7a e sobrevoo na \u00e1rea do Polo o Capit\u00e3o Eduardo, o Policial da For\u00e7a Nacional Frederico, o Sargento Igor, o Cabo S. Melo e o policial civil S\u00ad\u00ad\u00ad\u00adilvestre.<\/p>\n<p>O Secret\u00e1rio de Turismo Gustavo Feliciano fez um balan\u00e7o positivo das etapas do Complexo Tur\u00edstico que est\u00e3o sendo realizadas.<\/p>\n<p>\u201cEu acho que o nosso sonho est\u00e1 cada vez mais pr\u00f3ximo da realidade, com investidores j\u00e1 interessados no lotes dos hot\u00e9is. Em breve, com essa segunda etapa, vamos come\u00e7ar as receber as propostas tamb\u00e9m para os demais setores, como com\u00e9rcio e servi\u00e7os e anima\u00e7\u00e3o tur\u00edstica\u201d. &#8211; conclui Gustavo.<\/p>\n","protected":false},"excerpt":{"rendered":"<p>Dando continuidade ao plano de retomada da economia e as tratativas para a viabiliza\u00e7\u00e3o e implanta\u00e7\u00e3o Polo Tur\u00edstico Cabo Branco, o Governo do Estado, atrav\u00e9s da Secretaria de Estado de Representa\u00e7\u00e3o Institucional da Para\u00edba (SERI), da Secretaria de Turismo e Desenvolvimento Econ\u00f4mico (SETDE) e da Companhia de Desenvolvimento da Para\u00edba \u2013 CINEP sobrevoaram na tarde desta quinta-feira (30) a \u00e1rea do Polo Tur\u00edstico Cabo Branco. Segundo o Diretor Presidente da<\/p>\n","protected":false},"author":7,"featured_media":5775,"comment_status":"closed","ping_status":"closed","sticky":false,"template":"","format":"standard","meta":{"ngg_post_thumbnail":0,"footnotes":""},"categories":[132],"tags":[126,133],"class_list":["entry","author-thaise","post-5774","post","type-post","status-publish","format-standard","has-post-thumbnail","category-polo-turistico-cabo-branco","tag-polo-turistico-cabo-branco","tag-visita-tecnica"],"_links":{"self":[{"href":"https:\/\/www.cinep.pb.gov.br\/portal\/index.php?rest_route=\/wp\/v2\/posts\/5774","targetHints":{"allow":["GET"]}}],"collection":[{"href":"https:\/\/www.cinep.pb.gov.br\/portal\/index.php?rest_route=\/wp\/v2\/posts"}],"about":[{"href":"https:\/\/www.cinep.pb.gov.br\/portal\/index.php?rest_route=\/wp\/v2\/types\/post"}],"author":[{"embeddable":true,"href":"https:\/\/www.cinep.pb.gov.br\/portal\/index.php?rest_route=\/wp\/v2\/users\/7"}],"replies":[{"embeddable":true,"href":"https:\/\/www.cinep.pb.gov.br\/portal\/index.php?rest_route=%2Fwp%2Fv2%2Fcomments&post=5774"}],"version-history":[{"count":1,"href":"https:\/\/www.cinep.pb.gov.br\/portal\/index.php?rest_route=\/wp\/v2\/posts\/5774\/revisions"}],"predecessor-version":[{"id":5776,"href":"https:\/\/www.cinep.pb.gov.br\/portal\/index.php?rest_route=\/wp\/v2\/posts\/5774\/revisions\/5776"}],"wp:featuredmedia":[{"embeddable":true,"href":"https:\/\/www.cinep.pb.gov.br\/portal\/index.php?rest_route=\/wp\/v2\/media\/5775"}],"wp:attachment":[{"href":"https:\/\/www.cinep.pb.gov.br\/portal\/index.php?rest_route=%2Fwp%2Fv2%2Fmedia&parent=5774"}],"wp:term":[{"taxonomy":"category","embeddable":true,"href":"https:\/\/www.cinep.pb.gov.br\/portal\/index.php?rest_route=%2Fwp%2Fv2%2Fcategories&post=5774"},{"taxonomy":"post_tag","embeddable":true,"href":"https:\/\/www.cinep.pb.gov.br\/portal\/index.php?rest_route=%2Fwp%2Fv2%2Ftags&post=5774"}],"curies":[{"name":"wp","href":"https:\/\/api.w.org\/{rel}","templated":true}]}}