{"id":14310,"date":"2026-03-13T16:33:26","date_gmt":"2026-03-13T19:33:26","guid":{"rendered":"https:\/\/www.cinep.pb.gov.br\/portal\/?p=14310"},"modified":"2026-03-13T16:33:26","modified_gmt":"2026-03-13T19:33:26","slug":"ministerio-do-turismo-libera-recursos-para-governo-da-paraiba-ofertar-cursos-de-formacao-para-o-polo-turistico-cabo-branco","status":"publish","type":"post","link":"https:\/\/www.cinep.pb.gov.br\/portal\/?p=14310","title":{"rendered":"Minist\u00e9rio do Turismo libera recursos para Governo da Para\u00edba ofertar cursos de forma\u00e7\u00e3o para o Polo Tur\u00edstico Cabo Branco"},"content":{"rendered":"<p>Em audi\u00eancia com o governador Jo\u00e3o Azev\u00eado, na manh\u00e3 desta sexta-feira (13), o ministro do Turismo, Gustavo Feliciano, anunciou a libera\u00e7\u00e3o de R$ 1 milh\u00e3o para a realiza\u00e7\u00e3o de cursos na \u00e1rea de turismo para forma\u00e7\u00e3o dos profissionais que atuar\u00e3o nos resorts e empreendimentos do Polo Tur\u00edstico Cabo Branco.<\/p>\n<p>Os cursos ser\u00e3o aplicados pelo Governo da Para\u00edba, que dar\u00e1 continuidade ao trabalho que est\u00e1 sendo feito pela Secretaria de Estado do Turismo e Desenvolvimento Econ\u00f4mico para qualificar o atendimento aos turistas que visitam a Para\u00edba. Dentre os cursos a serem ofertados est\u00e3o o de hotelaria, recepcionista, atendimento ao turista, camareira, guia tur\u00edstico, gar\u00e7om e idiomas.<\/p>\n<p>O governador Jo\u00e3o Azev\u00eado destacou a import\u00e2ncia do apoio do Minist\u00e9rio do Turismo, \u201cque tem \u00e0 frente um paraibano que j\u00e1 contribuiu muito para a Para\u00edba como secret\u00e1rio de estado e, agora, na condi\u00e7\u00e3o de ministro vem ajudar a dar continuidade a esse trabalho de desenvolvimento do turismo. \u00c9 uma alegria saber que a gente continua trilhando o caminho do desenvolvimento e esse apoio do ministro Gustavo Feliciano \u00e9 fundamental\u201d.<\/p>\n<p>E observou: \u201cEssa \u00e9 uma a\u00e7\u00e3o de extrema import\u00e2ncia para qualificar a m\u00e3o de obra, gerar empregos e para que tenhamos um leque de cursos de forma\u00e7\u00e3o para atender a essa demanda gigante gerada com a constru\u00e7\u00e3o de novos hot\u00e9is, resorts, parques aqu\u00e1ticos que, em breve, estar\u00e3o em pleno funcionamento movimentando toda a cadeia do turismo\u201d.<\/p>\n<p>O ministro Gustavo Feliciano disse que a Para\u00edba vive um grande momento no turismo e o trade tur\u00edstico precisa estar preparado para que esse desenvolvimento se d\u00ea de forma organizada e sustent\u00e1vel. \u201cO foco do governo do presidente Lula e o nosso foco \u00e9 melhorar a vida das pessoas. Por isso estamos disponibilizando para o Governo de Estado R$ 1 milh\u00e3o para a qualifica\u00e7\u00e3o da m\u00e3o de obra para atender bem o turista, qualificar os servi\u00e7os para quando os resorts estiverem em opera\u00e7\u00e3o possam gerar empregos para a nossa popula\u00e7\u00e3o.\u00a0\u00a0Estamos trabalhando juntos com o Governo do Estado, com as entidades do setor e com a iniciativa privada para que os paraibanos e paraibanas estejam aptos a ocupar os milhares de postos de trabalho que ser\u00e3o criados\u201d.<\/p>\n<p><strong>F\u00f3rum Internacional de Mulheres do Turismo\u00a0<\/strong><\/p>\n<p>O govenador Jo\u00e3o Azev\u00eado e o ministro do Turismo, Gustavo Feliciano, tamb\u00e9m anunciaram a realiza\u00e7\u00e3o do F\u00f3rum Internacional de Mulheres do Turismo, que acontecer\u00e1 em Jo\u00e3o Pessoa nos dias 3 e 4 de junho. O evento, organizado pela ONU Turismo, reunir\u00e1 mulheres e lideran\u00e7as femininas de v\u00e1rios pa\u00edses de Am\u00e9rica do Sul.<\/p>\n<p>\u201cEu estou tendo a oportunidade, na condi\u00e7\u00e3o de presidente do Conselho Executivo da ONU Turismo, de trazer um evento internacional para o Centro de Conven\u00e7\u00f5es de Jo\u00e3o Pessoa.\u00a0\u00a0Teremos a presen\u00e7a da secret\u00e1ria-geral da ONU Turismo, Shaikha Al Nowais, a primeira mulher a liderar a organiza\u00e7\u00e3o, e de lideran\u00e7as femininas da Am\u00e9rica do Sul, o que \u00e9 fundamental tanto para movimentar o nosso turismo como para fomentar pol\u00edticas p\u00fablicas na discuss\u00e3o do empoderamento feminino\u201d, ressaltou o ministro.<\/p>\n<p>O f\u00f3rum seguir\u00e1 os eixos do rec\u00e9m-lan\u00e7ado Guia para Mulheres que Viajam Sozinhas (Mulher como Empreendedora, Consumidora e Protagonista).<\/p>\n<p>O evento ter\u00e1 uma sess\u00e3o internacional com Secretaria Geral da ONU Turismo e Ministras da Am\u00e9rica Latina e um conjunto de semin\u00e1rios estrat\u00e9gicos nacionais com enfoque em temas contempor\u00e2neos e sens\u00edveis \u00e0 agenda da mulher no turismo.<\/p>\n<p>Al\u00e9m disso, o evento contar\u00e1 com sess\u00f5es paralelas, rodadas de cr\u00e9dito e oficina de capacita\u00e7\u00e3o para o p\u00fablico participante.<\/p>\n","protected":false},"excerpt":{"rendered":"<p>Em audi\u00eancia com o governador Jo\u00e3o Azev\u00eado, na manh\u00e3 desta sexta-feira (13), o ministro do Turismo, Gustavo Feliciano, anunciou a libera\u00e7\u00e3o de R$ 1 milh\u00e3o para a realiza\u00e7\u00e3o de cursos na \u00e1rea de turismo para forma\u00e7\u00e3o dos profissionais que atuar\u00e3o nos resorts e empreendimentos do Polo Tur\u00edstico Cabo Branco. Os cursos ser\u00e3o aplicados pelo Governo da Para\u00edba, que dar\u00e1 continuidade ao trabalho que est\u00e1 sendo feito pela Secretaria de Estado<\/p>\n","protected":false},"author":7,"featured_media":14311,"comment_status":"closed","ping_status":"closed","sticky":false,"template":"","format":"standard","meta":{"ngg_post_thumbnail":0,"footnotes":""},"categories":[132],"tags":[139,126,328,154],"class_list":["entry","author-thaise","post-14310","post","type-post","status-publish","format-standard","has-post-thumbnail","category-polo-turistico-cabo-branco","tag-ministerio-do-turismo","tag-polo-turistico-cabo-branco","tag-recursos","tag-turismo"],"_links":{"self":[{"href":"https:\/\/www.cinep.pb.gov.br\/portal\/index.php?rest_route=\/wp\/v2\/posts\/14310","targetHints":{"allow":["GET"]}}],"collection":[{"href":"https:\/\/www.cinep.pb.gov.br\/portal\/index.php?rest_route=\/wp\/v2\/posts"}],"about":[{"href":"https:\/\/www.cinep.pb.gov.br\/portal\/index.php?rest_route=\/wp\/v2\/types\/post"}],"author":[{"embeddable":true,"href":"https:\/\/www.cinep.pb.gov.br\/portal\/index.php?rest_route=\/wp\/v2\/users\/7"}],"replies":[{"embeddable":true,"href":"https:\/\/www.cinep.pb.gov.br\/portal\/index.php?rest_route=%2Fwp%2Fv2%2Fcomments&post=14310"}],"version-history":[{"count":1,"href":"https:\/\/www.cinep.pb.gov.br\/portal\/index.php?rest_route=\/wp\/v2\/posts\/14310\/revisions"}],"predecessor-version":[{"id":14312,"href":"https:\/\/www.cinep.pb.gov.br\/portal\/index.php?rest_route=\/wp\/v2\/posts\/14310\/revisions\/14312"}],"wp:featuredmedia":[{"embeddable":true,"href":"https:\/\/www.cinep.pb.gov.br\/portal\/index.php?rest_route=\/wp\/v2\/media\/14311"}],"wp:attachment":[{"href":"https:\/\/www.cinep.pb.gov.br\/portal\/index.php?rest_route=%2Fwp%2Fv2%2Fmedia&parent=14310"}],"wp:term":[{"taxonomy":"category","embeddable":true,"href":"https:\/\/www.cinep.pb.gov.br\/portal\/index.php?rest_route=%2Fwp%2Fv2%2Fcategories&post=14310"},{"taxonomy":"post_tag","embeddable":true,"href":"https:\/\/www.cinep.pb.gov.br\/portal\/index.php?rest_route=%2Fwp%2Fv2%2Ftags&post=14310"}],"curies":[{"name":"wp","href":"https:\/\/api.w.org\/{rel}","templated":true}]}}