{"id":13422,"date":"2025-03-11T07:36:57","date_gmt":"2025-03-11T10:36:57","guid":{"rendered":"https:\/\/www.cinep.pb.gov.br\/portal\/?p=13422"},"modified":"2025-03-11T07:37:52","modified_gmt":"2025-03-11T10:37:52","slug":"embaixada-do-brasil-em-lisboa-recebe-investidores-para-conhecer-potencial-turistico-da-paraiba","status":"publish","type":"post","link":"https:\/\/www.cinep.pb.gov.br\/portal\/?p=13422","title":{"rendered":"Embaixada do Brasil em Lisboa recebe investidores para conhecer potencial tur\u00edstico da Para\u00edba"},"content":{"rendered":"<p>A Embaixada Brasileira em Lisboa e o Governo da Para\u00edba realizaram um coquetel de neg\u00f3cios para o trade tur\u00edstico europeu, com o objetivo de promover o estado como destino tur\u00edstico e atrair investimentos para o setor da constru\u00e7\u00e3o civil. O evento, que aconteceu no \u00e2mbito da \u201cMiss\u00e3o Para\u00edba\u201d, reuniu construtores, empres\u00e1rios e empreendedores.<\/p>\n<p>O governador Jo\u00e3o Azev\u00eado destacou a import\u00e2ncia da participa\u00e7\u00e3o na BTL para expandir as rela\u00e7\u00f5es comerciais com o mercado europeu e divulgar as a\u00e7\u00f5es de turismo no estado. &#8220;A nossa participa\u00e7\u00e3o na Bolsa de Turismo de Lisboa faz com que, atrav\u00e9s de um estande que montamos em parceria com o Sebrae e a Fecom\u00e9rcio, possamos divulgar n\u00e3o apenas o Polo Cabo Branco, mas todas as a\u00e7\u00f5es que estamos fazendo voltadas para o turismo no interior do estado, com a participa\u00e7\u00e3o dos setores da constru\u00e7\u00e3o civil e imobili\u00e1rio para fazer uma grande divulga\u00e7\u00e3o da Para\u00edba e vamos apresentar tamb\u00e9m a nossa cultura, levando o nosso forr\u00f3 e tudo que temos a oferecer&#8221;, explicou o governador.<\/p>\n<p>Presentes no evento, al\u00e9m do Governador da Para\u00edba, estiveram, entre outros, o embaixador do Brasil em Portugal, Raimundo Carreiro Silva, e o prefeito de Jo\u00e3o Pessoa, C\u00edcero Lucena.<\/p>\n<p>\u201cEstamos na BTL pelo segundo ano consecutivo. No primeiro, o ano passado, viemos apresentar um sonho, agora, em 2025, mostramos a realidade, o Polo Cabo Branco. Este \u00e9 um projeto que s\u00f3 \u00e9 poss\u00edvel gra\u00e7as ao extraordin\u00e1rio empenho do Governo, mas tamb\u00e9m dos empres\u00e1rios e a parceria com Prefeitura, liderada por C\u00edcero Lucena\u201d, afirmou Jo\u00e3o Azev\u00eado.<\/p>\n<p>A participa\u00e7\u00e3o da Para\u00edba na BTL \u00e9 uma oportunidade estrat\u00e9gica para o estado fortalecer sua imagem no mercado europeu e atrair turistas e investidores. A divulga\u00e7\u00e3o do turismo no interior do estado e a apresenta\u00e7\u00e3o da cultura paraibana s\u00e3o pontos-chave da estrat\u00e9gia para atrair visitantes e promover o desenvolvimento econ\u00f4mico da regi\u00e3o.<\/p>\n","protected":false},"excerpt":{"rendered":"<p>A Embaixada Brasileira em Lisboa e o Governo da Para\u00edba realizaram um coquetel de neg\u00f3cios para o trade tur\u00edstico europeu, com o objetivo de promover o estado como destino tur\u00edstico e atrair investimentos para o setor da constru\u00e7\u00e3o civil. O evento, que aconteceu no \u00e2mbito da \u201cMiss\u00e3o Para\u00edba\u201d, reuniu construtores, empres\u00e1rios e empreendedores. O governador Jo\u00e3o Azev\u00eado destacou a import\u00e2ncia da participa\u00e7\u00e3o na BTL para expandir as rela\u00e7\u00f5es comerciais com<\/p>\n","protected":false},"author":7,"featured_media":13423,"comment_status":"closed","ping_status":"closed","sticky":false,"template":"","format":"standard","meta":{"ngg_post_thumbnail":0,"footnotes":""},"categories":[134],"tags":[],"class_list":["entry","author-thaise","post-13422","post","type-post","status-publish","format-standard","has-post-thumbnail","category-desenvolve-paraiba"],"_links":{"self":[{"href":"https:\/\/www.cinep.pb.gov.br\/portal\/index.php?rest_route=\/wp\/v2\/posts\/13422","targetHints":{"allow":["GET"]}}],"collection":[{"href":"https:\/\/www.cinep.pb.gov.br\/portal\/index.php?rest_route=\/wp\/v2\/posts"}],"about":[{"href":"https:\/\/www.cinep.pb.gov.br\/portal\/index.php?rest_route=\/wp\/v2\/types\/post"}],"author":[{"embeddable":true,"href":"https:\/\/www.cinep.pb.gov.br\/portal\/index.php?rest_route=\/wp\/v2\/users\/7"}],"replies":[{"embeddable":true,"href":"https:\/\/www.cinep.pb.gov.br\/portal\/index.php?rest_route=%2Fwp%2Fv2%2Fcomments&post=13422"}],"version-history":[{"count":1,"href":"https:\/\/www.cinep.pb.gov.br\/portal\/index.php?rest_route=\/wp\/v2\/posts\/13422\/revisions"}],"predecessor-version":[{"id":13424,"href":"https:\/\/www.cinep.pb.gov.br\/portal\/index.php?rest_route=\/wp\/v2\/posts\/13422\/revisions\/13424"}],"wp:featuredmedia":[{"embeddable":true,"href":"https:\/\/www.cinep.pb.gov.br\/portal\/index.php?rest_route=\/wp\/v2\/media\/13423"}],"wp:attachment":[{"href":"https:\/\/www.cinep.pb.gov.br\/portal\/index.php?rest_route=%2Fwp%2Fv2%2Fmedia&parent=13422"}],"wp:term":[{"taxonomy":"category","embeddable":true,"href":"https:\/\/www.cinep.pb.gov.br\/portal\/index.php?rest_route=%2Fwp%2Fv2%2Fcategories&post=13422"},{"taxonomy":"post_tag","embeddable":true,"href":"https:\/\/www.cinep.pb.gov.br\/portal\/index.php?rest_route=%2Fwp%2Fv2%2Ftags&post=13422"}],"curies":[{"name":"wp","href":"https:\/\/api.w.org\/{rel}","templated":true}]}}