{"id":14229,"date":"2026-01-23T14:29:51","date_gmt":"2026-01-23T17:29:51","guid":{"rendered":"https:\/\/www.cinep.pb.gov.br\/portal\/?p=14229"},"modified":"2026-01-23T14:30:07","modified_gmt":"2026-01-23T17:30:07","slug":"joao-azevedo-recebe-convite-para-inauguracao-do-maior-resort-do-brasil-no-polo-turistico-cabo-branco","status":"publish","type":"post","link":"http:\/\/www.cinep.pb.gov.br\/portal\/?p=14229","title":{"rendered":"Jo\u00e3o Azev\u00eado recebe convite para inaugura\u00e7\u00e3o do maior resort do Brasil no Polo Tur\u00edstico Cabo Branco"},"content":{"rendered":"<div id=\"content-core\">\n<div id=\"parent-fieldname-text\" class=\"\">\n<div>\n<p>O primeiro empreendimento do Polo Tur\u00edstico Cabo Branco, o Tau\u00e1 Resort Jo\u00e3o Pessoa, j\u00e1 tem data de inaugura\u00e7\u00e3o.\u00a0\u00a0Em reuni\u00e3o na tarde da quinta-feira (22), na Granja Santana, o presidente do Conselho de Administra\u00e7\u00e3o do Grupo Tau\u00e1, Daniel Ribeiro, convidou o governador Jo\u00e3o Azev\u00eado para a festa de inaugura\u00e7\u00e3o do maior resort do Brasil no dia 25 de mar\u00e7o pr\u00f3ximo.<\/p>\n<p>Durante a reuni\u00e3o com a presen\u00e7a do presidente da Cinep, R\u00f4mulo Polari, foi tra\u00e7ado o cronograma final da obra e do funcionamento do resort, que, ap\u00f3s a inaugura\u00e7\u00e3o para convidados, funcionar\u00e1 no regime em soft opening (pr\u00e9-abertura de um neg\u00f3cio com convidados, familiares, para testar a opera\u00e7\u00e3o) dos meses de abril a junho, at\u00e9 a abertura para os h\u00f3spedes em julho deste ano.<\/p>\n<p>O governador Jo\u00e3o Azev\u00eado destacou a alegria de receber um dos documentos que representa a maior alegria para um gestor p\u00fablico. \u201cEstamos recebendo aqui o convite de inaugura\u00e7\u00e3o do Tau\u00e1 Resort Jo\u00e3o Pessoa. Esse \u00e9 um marco e a realiza\u00e7\u00e3o de um grande sonho. Agrade\u00e7o demais a confian\u00e7a que o Grupo Tau\u00e1 teve nesse projeto, de investir realmente recursos de um montante extraordin\u00e1rio neste empreendimento. A Para\u00edba ter\u00e1 o maior resort do Brasil, o mais moderno, o mais preparado para receber os turistas e a nossa popula\u00e7\u00e3o aqui do estado\u201d, comemorou.<\/p>\n<p>Daniel Ribeiro, representante do Grupo Tau\u00e1, agradeceu o apoio sempre irrestrito que o Governo da Para\u00edba deu para o sucesso do resort e disse que \u201cn\u00e3o ser\u00e1 apenas o maior resort do Brasil, ser\u00e1 o melhor resort do pa\u00eds\u201d.<\/p>\n<p>Daniel acrescentou: \u201cMe lembro muito bem quando o governador Jo\u00e3o e R\u00f4mulo Polari nos receberem aqui em dezembro de 2023 e tra\u00e7amos juntos esse projeto audacioso que agora se torna realidade. Foi um trabalho \u00e1rduo em um per\u00edodo curto, mas que parece uma vida de tantas situa\u00e7\u00f5es que passamos nesse caminho, mas eu tenho certeza que valeu tudo a pena por causa do projeto final que ficou pronto e bel\u00edssimo\u201d, destacou.<\/p>\n<p>O investimento do Grupo Tau\u00e1 foi de R$ 650 milh\u00f5es para implanta\u00e7\u00e3o do resort que contar\u00e1 com 1.120 leitos, se tornando o maior empreendimento hoteleiro do Brasil. \u201c\u00c9 uma satisfa\u00e7\u00e3o muito grande a gente ver como engenheiro e como paraibano uma obra dessa envergadura, grande desafio, mas que o governo, todo o time do governo foi totalmente designado a ajudar imensamente nesse projeto e agora eu fico muito feliz em v\u00ea-lo concretizado. A Para\u00edba realmente vai virar uma chave da sua hist\u00f3ria econ\u00f4mica e do turismo a partir do Polo Tur\u00edstico Cabo Branco e do primeiro empreendimento que \u00e9 o Tau\u00e1 Resort\u201d, completou o presidente da Cinep, R\u00f4mulo Polari.<\/p>\n<\/div>\n<\/div>\n<\/div>\n","protected":false},"excerpt":{"rendered":"<p>O primeiro empreendimento do Polo Tur\u00edstico Cabo Branco, o Tau\u00e1 Resort Jo\u00e3o Pessoa, j\u00e1 tem data de inaugura\u00e7\u00e3o.\u00a0\u00a0Em reuni\u00e3o na tarde da quinta-feira (22), na Granja Santana, o presidente do Conselho de Administra\u00e7\u00e3o do Grupo Tau\u00e1, Daniel Ribeiro, convidou o governador Jo\u00e3o Azev\u00eado para a festa de inaugura\u00e7\u00e3o do maior resort do Brasil no dia 25 de mar\u00e7o pr\u00f3ximo. Durante a reuni\u00e3o com a presen\u00e7a do presidente da Cinep, R\u00f4mulo<\/p>\n","protected":false},"author":7,"featured_media":14230,"comment_status":"closed","ping_status":"closed","sticky":false,"template":"","format":"standard","meta":{"ngg_post_thumbnail":0,"footnotes":""},"categories":[134],"tags":[56,126,311],"class_list":["entry","author-thaise","post-14229","post","type-post","status-publish","format-standard","has-post-thumbnail","category-desenvolve-paraiba","tag-joao-azevedo","tag-polo-turistico-cabo-branco","tag-taua-resort"],"_links":{"self":[{"href":"http:\/\/www.cinep.pb.gov.br\/portal\/index.php?rest_route=\/wp\/v2\/posts\/14229","targetHints":{"allow":["GET"]}}],"collection":[{"href":"http:\/\/www.cinep.pb.gov.br\/portal\/index.php?rest_route=\/wp\/v2\/posts"}],"about":[{"href":"http:\/\/www.cinep.pb.gov.br\/portal\/index.php?rest_route=\/wp\/v2\/types\/post"}],"author":[{"embeddable":true,"href":"http:\/\/www.cinep.pb.gov.br\/portal\/index.php?rest_route=\/wp\/v2\/users\/7"}],"replies":[{"embeddable":true,"href":"http:\/\/www.cinep.pb.gov.br\/portal\/index.php?rest_route=%2Fwp%2Fv2%2Fcomments&post=14229"}],"version-history":[{"count":2,"href":"http:\/\/www.cinep.pb.gov.br\/portal\/index.php?rest_route=\/wp\/v2\/posts\/14229\/revisions"}],"predecessor-version":[{"id":14232,"href":"http:\/\/www.cinep.pb.gov.br\/portal\/index.php?rest_route=\/wp\/v2\/posts\/14229\/revisions\/14232"}],"wp:featuredmedia":[{"embeddable":true,"href":"http:\/\/www.cinep.pb.gov.br\/portal\/index.php?rest_route=\/wp\/v2\/media\/14230"}],"wp:attachment":[{"href":"http:\/\/www.cinep.pb.gov.br\/portal\/index.php?rest_route=%2Fwp%2Fv2%2Fmedia&parent=14229"}],"wp:term":[{"taxonomy":"category","embeddable":true,"href":"http:\/\/www.cinep.pb.gov.br\/portal\/index.php?rest_route=%2Fwp%2Fv2%2Fcategories&post=14229"},{"taxonomy":"post_tag","embeddable":true,"href":"http:\/\/www.cinep.pb.gov.br\/portal\/index.php?rest_route=%2Fwp%2Fv2%2Ftags&post=14229"}],"curies":[{"name":"wp","href":"https:\/\/api.w.org\/{rel}","templated":true}]}}