{"id":14225,"date":"2026-01-23T14:27:34","date_gmt":"2026-01-23T17:27:34","guid":{"rendered":"https:\/\/www.cinep.pb.gov.br\/portal\/?p=14225"},"modified":"2026-01-23T14:27:49","modified_gmt":"2026-01-23T17:27:49","slug":"joao-azevedo-se-reune-com-presidente-do-vila-gale-para-instalacao-de-hotel-do-grupo-portugues-no-centro-historico-da-capital","status":"publish","type":"post","link":"http:\/\/www.cinep.pb.gov.br\/portal\/?p=14225","title":{"rendered":"Jo\u00e3o Azev\u00eado se re\u00fane com presidente do Vila Gal\u00e9 para instala\u00e7\u00e3o de hotel do grupo portugu\u00eas no Centro Hist\u00f3rico da Capital"},"content":{"rendered":"<div id=\"content-core\">\n<div id=\"parent-fieldname-text\" class=\"\">\n<div>\n<p>O governador Jo\u00e3o Azev\u00eado se reuniu, na quinta-feira (22), no Pal\u00e1cio dos Despachos, em Jo\u00e3o Pessoa, com o presidente do Vila Gal\u00e9, Jorge Rebelo, ocasi\u00e3o em foram discutidas parcerias para a instala\u00e7\u00e3o de um hotel do Grupo portugu\u00eas no Centro Hist\u00f3rico da Capital, no antigo Col\u00e9gio Diocesano Pio XII.<\/p>\n<p>Antes da reuni\u00e3o, o governador e o presidente do Vila Gal\u00e9 visitaram o local onde dever\u00e1 ser instalado o empreendimento, que representar\u00e1 mais um grande passo na revitaliza\u00e7\u00e3o do Centro Hist\u00f3rico pessoense \u2014 o grupo hoteleiro, al\u00e9m de Portugal, est\u00e1 presente na Espanha e Cuba. No Brasil, em estados como Rio de Janeiro, Cear\u00e1 e Pernambuco. Tamb\u00e9m visitaram a Igreja de S\u00e3o Francisco.<\/p>\n<p>Durante a reuni\u00e3o, que contou com a presen\u00e7a de representantes do Instituto do Patrim\u00f4nio Hist\u00f3rico e Art\u00edstico do Estado da Para\u00edba (Iphaep), Jo\u00e3o Azev\u00eado destacou a disposi\u00e7\u00e3o do Governo da Para\u00edba em ter o primeiro hotel do Grupo Vila Gal\u00e9 no Estado. &#8220;\u00c9 uma grande alegria receber a visita de Jorge Rebelo, que sempre se mostrou atencioso com a Para\u00edba. Esse encontro foi um momento em que discutimos mais um projeto promissor para Jo\u00e3o Pessoa e a Para\u00edba como um todo, que vai gerar renda e emprego, indo tamb\u00e9m na dire\u00e7\u00e3o daquilo que queremos, que \u00e9 reocupar e dar vida ao nosso Centro Hist\u00f3rico&#8221;, acrescentou.<\/p>\n<p>O presidente do Vila Gal\u00e9 classificou o encontro com o governador Jo\u00e3o Azev\u00eado como extremamente positivo. &#8220;Foi uma reuni\u00e3o muito proveitosa, e tamb\u00e9m temos um grande interesse em instalar nosso empreendimento no Centro Hist\u00f3rico de Jo\u00e3o Pessoa. Nosso grupo tem um grande carinho por Centros Hist\u00f3ricos&#8221;, disse Jorge Rebelo.<\/p>\n<p>A reuni\u00e3o foi acompanhada, ainda, por Deusdete Queiroga, secret\u00e1rio de Estado da Infraestrutura e Recursos H\u00eddricos (SEIRH); e R\u00f4mulo Polari, presidente da Companhia de Desenvolvimento da Para\u00edba (Cinep).<\/p>\n<p>Representantes da Arquidiocese da Para\u00edba, como o bispo auxiliar Dom Alcivam, que representou o arcebispo Dom Manoel Delson, e o padre Marcondes Meneses, presidente do Centro Cultural S\u00e3o Francisco, tamb\u00e9m participaram.<\/p>\n<\/div>\n<\/div>\n<\/div>\n","protected":false},"excerpt":{"rendered":"<p>O governador Jo\u00e3o Azev\u00eado se reuniu, na quinta-feira (22), no Pal\u00e1cio dos Despachos, em Jo\u00e3o Pessoa, com o presidente do Vila Gal\u00e9, Jorge Rebelo, ocasi\u00e3o em foram discutidas parcerias para a instala\u00e7\u00e3o de um hotel do Grupo portugu\u00eas no Centro Hist\u00f3rico da Capital, no antigo Col\u00e9gio Diocesano Pio XII. Antes da reuni\u00e3o, o governador e o presidente do Vila Gal\u00e9 visitaram o local onde dever\u00e1 ser instalado o empreendimento, que<\/p>\n","protected":false},"author":7,"featured_media":14226,"comment_status":"closed","ping_status":"closed","sticky":false,"template":"","format":"standard","meta":{"ngg_post_thumbnail":0,"footnotes":""},"categories":[134],"tags":[309,56,310],"class_list":["entry","author-thaise","post-14225","post","type-post","status-publish","format-standard","has-post-thumbnail","category-desenvolve-paraiba","tag-centro-historico","tag-joao-azevedo","tag-vila-gale"],"_links":{"self":[{"href":"http:\/\/www.cinep.pb.gov.br\/portal\/index.php?rest_route=\/wp\/v2\/posts\/14225","targetHints":{"allow":["GET"]}}],"collection":[{"href":"http:\/\/www.cinep.pb.gov.br\/portal\/index.php?rest_route=\/wp\/v2\/posts"}],"about":[{"href":"http:\/\/www.cinep.pb.gov.br\/portal\/index.php?rest_route=\/wp\/v2\/types\/post"}],"author":[{"embeddable":true,"href":"http:\/\/www.cinep.pb.gov.br\/portal\/index.php?rest_route=\/wp\/v2\/users\/7"}],"replies":[{"embeddable":true,"href":"http:\/\/www.cinep.pb.gov.br\/portal\/index.php?rest_route=%2Fwp%2Fv2%2Fcomments&post=14225"}],"version-history":[{"count":2,"href":"http:\/\/www.cinep.pb.gov.br\/portal\/index.php?rest_route=\/wp\/v2\/posts\/14225\/revisions"}],"predecessor-version":[{"id":14228,"href":"http:\/\/www.cinep.pb.gov.br\/portal\/index.php?rest_route=\/wp\/v2\/posts\/14225\/revisions\/14228"}],"wp:featuredmedia":[{"embeddable":true,"href":"http:\/\/www.cinep.pb.gov.br\/portal\/index.php?rest_route=\/wp\/v2\/media\/14226"}],"wp:attachment":[{"href":"http:\/\/www.cinep.pb.gov.br\/portal\/index.php?rest_route=%2Fwp%2Fv2%2Fmedia&parent=14225"}],"wp:term":[{"taxonomy":"category","embeddable":true,"href":"http:\/\/www.cinep.pb.gov.br\/portal\/index.php?rest_route=%2Fwp%2Fv2%2Fcategories&post=14225"},{"taxonomy":"post_tag","embeddable":true,"href":"http:\/\/www.cinep.pb.gov.br\/portal\/index.php?rest_route=%2Fwp%2Fv2%2Ftags&post=14225"}],"curies":[{"name":"wp","href":"https:\/\/api.w.org\/{rel}","templated":true}]}}