{"id":14203,"date":"2026-01-05T15:56:00","date_gmt":"2026-01-05T18:56:00","guid":{"rendered":"https:\/\/www.cinep.pb.gov.br\/portal\/?p=14203"},"modified":"2026-01-05T15:56:35","modified_gmt":"2026-01-05T18:56:35","slug":"14203","status":"publish","type":"post","link":"http:\/\/www.cinep.pb.gov.br\/portal\/?p=14203","title":{"rendered":"Jo\u00e3o Azev\u00eado apresenta as a\u00e7\u00f5es do Governo em 2025 e celebra resultados em \u00e1reas como sa\u00fade e seguran\u00e7a"},"content":{"rendered":"<p>O governador Jo\u00e3o Azev\u00eado apresentou, na manh\u00e3 desta segunda-feira (5), as a\u00e7\u00f5es e as pol\u00edticas p\u00fablicas que melhoraram a vida dos paraibanos no ano de 2025, em solenidade realizada no Teatro Paulo Pontes do Espa\u00e7o Cultural Jos\u00e9 Lins do R\u00eago, em Jo\u00e3o Pessoa. A ocasi\u00e3o tamb\u00e9m foi marcada pelo lan\u00e7amento da nova edi\u00e7\u00e3o da revista Para\u00edba da Gente, publica\u00e7\u00e3o que re\u00fane as conquistas desse per\u00edodo em diversas \u00e1reas, como sa\u00fade, educa\u00e7\u00e3o, seguran\u00e7a p\u00fablica, infraestrutura e desenvolvimento humano.<\/p>\n<p>A boa gest\u00e3o fiscal do Governo da Para\u00edba foi apontada pelo chefe do Executivo estadual como sendo o fator principal pelas conquistas da Gest\u00e3o em 2025, como ocorreu em anos anteriores. Nesse cen\u00e1rio, a Para\u00edba tem sido o \u00fanico estado do Nordeste a obter a nota A, por cinco vezes consecutivas, pela Secretaria do Tesouro Nacional (STN) \u2014 um feito regional in\u00e9dito, que tem possibilitado diversos investimentos.<\/p>\n<p>No ranking de competitividade geral, a Para\u00edba conquistou, ainda, o primeiro lugar no Nordeste e 11\u00b0 no Brasil pelo Centro de Lideran\u00e7a P\u00fablica (CLP). Em inova\u00e7\u00e3o, ocupou o segundo lugar, ainda de acordo com o CLP.<\/p>\n<p>&#8220;\u00c9 uma alegria muito grande come\u00e7ar o ano prestando contas \u00e0 popula\u00e7\u00e3o do nosso Estado sobre o que de mais importante aconteceu na Para\u00edba, no ano passado, em termos de pol\u00edticas p\u00fablicas que, verdadeiramente, t\u00eam transformado a Para\u00edba \u2014 nem nos nossos melhores sonhos a gente esperava chegar onde chegou. E isso s\u00f3 tem sido poss\u00edvel gra\u00e7as a muita determina\u00e7\u00e3o. O Estado da Para\u00edba, por cinco anos consecutivos, \u00e9 rating A concedido, de maneira rigorosa e t\u00e9cnica, pela Secretaria do Tesouro Nacional. Nenhum outro estado do Nordeste conseguiu esse feito&#8221;, destacou.<\/p>\n<p>&#8220;Eu tenho plena convic\u00e7\u00e3o de que esse trabalho que foi feito por esse time de Governo foi o que permitiu que a gente tivesse avan\u00e7ado em tantas pol\u00edticas p\u00fablicas. Evidentemente que, nesta revista, n\u00e3o tem todas as a\u00e7\u00f5es que adotamos em benef\u00edcio da nossa popula\u00e7\u00e3o, sobretudo a parcela que mais precisa do Estado&#8221;, acrescentou o governador, momento em que tamb\u00e9m citou nominalmente todos os auxiliares, inclusive das Autarquias e Funda\u00e7\u00f5es.<\/p>\n<p>Em seu discurso, o vice-governador Lucas Ribeiro tamb\u00e9m evidenciou o compromisso da Gest\u00e3o estadual com a popula\u00e7\u00e3o paraibana. &#8220;Esta \u00e9 a primeira segunda-feira do ano e aqui estamos n\u00f3s j\u00e1 celebrando o ano que se passou e tamb\u00e9m todos os que se passaram \u2014 se n\u00f3s olharmos para tr\u00e1s, talvez n\u00e3o imagin\u00e1ssemos que hoje estar\u00edamos vivendo o melhor momento desse Estado. A Para\u00edba vive o seu melhor momento \u2014 nunca entregamos tantas obras, nunca foi feito tanto pelo nosso povo, nunca o nosso Governo esteve t\u00e3o presente na vida dos paraibanos e paraibanas. Nosso estado \u00e9 o que mais cresce no Nordeste, que mais nos d\u00e1 orgulho&#8221;, disse, ao elogiar a gest\u00e3o do governador Jo\u00e3o Azev\u00eado e externar alegria por fazer parte da Gest\u00e3o.<\/p>\n<p>Entre as conquistas de 2025 apresentadas pelo governador Jo\u00e3o Azev\u00eado est\u00e1 o Hospital da Mulher de Jo\u00e3o Pessoa, voltado integralmente para o atendimento da sa\u00fade feminina \u2013 o equipamento recebeu investimentos de R$ 144,7 milh\u00f5es e j\u00e1 realizou 40,6 mil atendimentos em seu primeiro ano de funcionamento. Ainda na Sa\u00fade, avan\u00e7os de Programas como o Para\u00edba contra o C\u00e2ncer e Cora\u00e7\u00e3o Paraibano tamb\u00e9m foram celebrados.<\/p>\n<p>Em Educa\u00e7\u00e3o, entre os destaques est\u00e3o o Passe Livre para alunos do 9\u00b0 ano do Ensino Fundamental, Ensino M\u00e9dio e Educa\u00e7\u00e3o de Jovens e Adultos matriculados em escolas de Jo\u00e3o Pessoa, Campina Grande, Santa Rita, Bayeux e Cabedelo.<\/p>\n<p>Em Desenvolvimento Humano, o Governo da Para\u00edba consolidou ainda mais a seguran\u00e7a alimentar em 2025 com a cria\u00e7\u00e3o do Programa Nutrir+, fortalecendo o Pacto Para\u00edba Sem Fome \u2014 8 mil fam\u00edlias foram beneficiadas j\u00e1 no primeiro ano, com um investimento de R$ 4 milh\u00f5es em recursos pr\u00f3prios.<\/p>\n<p>A Para\u00edba tamb\u00e9m garantiu mais seguran\u00e7a para as mulheres, com a amplia\u00e7\u00e3o da Patrulha Maria da Penha para 151 munic\u00edpios. Nenhuma mulher acompanhada pelo Patrulha Maria da Penha foi v\u00edtima de feminic\u00eddio. Pol\u00edticas P\u00fablicas contra o racismo e acolhimento \u00e0 popula\u00e7\u00e3o LGBTQIAPNb+ tamb\u00e9m estiveram entre as a\u00e7\u00f5es do Governo da Para\u00edba.<\/p>\n<p>Na Seguran\u00e7a P\u00fablica, a elucida\u00e7\u00e3o de crimes violentos letais intencionais (CVLI) foi de 63% \u2014 a maior do Pa\u00eds. Em 2025, a Para\u00edba ainda comemorou a redu\u00e7\u00e3o de 4,2% nesse tipo de crime, recuperou mais de 3,5 ve\u00edculos roubados e apreendeu 3.056 armas de fogo, entre outras conquistas, como a valoriza\u00e7\u00e3o dos profissionais que integram as for\u00e7as policiais, como a inaugura\u00e7\u00e3o da Policl\u00ednica Integrada da Seguran\u00e7a P\u00fablica (Poinsp). Destinado a cuidar de quem protege a popula\u00e7\u00e3o paraibana, o equipamento recebeu R$ 15 milh\u00f5es de investimentos, com 32 especialidades.<\/p>\n<p>Na Cultura, a gest\u00e3o do governador Jo\u00e3o Azev\u00eado investiu R$ 138 milh\u00f5es na valoriza\u00e7\u00e3o do patrim\u00f4nio hist\u00f3rico, com destaque para a inaugura\u00e7\u00e3o do Museu da Hist\u00f3ria da Para\u00edba, que funciona no antigo Pal\u00e1cio da Reden\u00e7\u00e3o, e fortaleceu ainda mais a revitaliza\u00e7\u00e3o do Centro Hist\u00f3rico de Jo\u00e3o Pessoa.<\/p>\n<p>No turismo, entre os destaques est\u00e3o os avan\u00e7os do Polo Tur\u00edstico Cabo Branco que, ap\u00f3s d\u00e9cadas no papel, vem se concretizando e deve gerar, na fase de opera\u00e7\u00e3o, 21 mil postos de trabalho. A revitaliza\u00e7\u00e3o do Hotel-escola Bruxax\u00e1, em Areia, no Brejo paraibano, tamb\u00e9m esteve ressaltada entre as a\u00e7\u00f5es de 2025.<\/p>\n<p>No balan\u00e7o, ainda teve a valoriza\u00e7\u00e3o dos servidores p\u00fablicos estaduais que, em 2025, conquistaram aumento salarial linear, progress\u00f5es e a realiza\u00e7\u00e3o de concursos p\u00fablicos.<\/p>\n<p>A solenidade de presta\u00e7\u00e3o de contas e de celebra\u00e7\u00e3o pelas conquistas do Governo da Para\u00edba em 2025 foi prestigiada, ainda, pela primeira-dama do Estado, Ana Maria Lins; pela segunda-dama, Camila Mariz, assim como os deputados federais Wilson Santiago e Luiz Couto, al\u00e9m dos estaduais Chico Mendes, que representou a Assembleia Legislativa da Para\u00edba (ALPB); Dudu Soares, Jo\u00e3o Gon\u00e7alves e Silvia Benjamin, entre outros.<\/p>\n<p>Auxiliares da Gest\u00e3o, como o secret\u00e1rio de Estado da Infraestrutura e Recursos H\u00eddricos (Seirh), Deusdete Queiroga; da Comunica\u00e7\u00e3o Institucional (Secom), Nonato Bandeira; Ros\u00e1lia Lucas, secret\u00e1ria do Turismo e Desenvolvimento Econ\u00f4mico (Setde); e Jean Francisco Nunes, secret\u00e1rio da Seguran\u00e7a P\u00fablica, tamb\u00e9m estiveram presentes.<\/p>\n","protected":false},"excerpt":{"rendered":"<p>O governador Jo\u00e3o Azev\u00eado apresentou, na manh\u00e3 desta segunda-feira (5), as a\u00e7\u00f5es e as pol\u00edticas p\u00fablicas que melhoraram a vida dos paraibanos no ano de 2025, em solenidade realizada no Teatro Paulo Pontes do Espa\u00e7o Cultural Jos\u00e9 Lins do R\u00eago, em Jo\u00e3o Pessoa. A ocasi\u00e3o tamb\u00e9m foi marcada pelo lan\u00e7amento da nova edi\u00e7\u00e3o da revista Para\u00edba da Gente, publica\u00e7\u00e3o que re\u00fane as conquistas desse per\u00edodo em diversas \u00e1reas, como sa\u00fade,<\/p>\n","protected":false},"author":7,"featured_media":14204,"comment_status":"closed","ping_status":"closed","sticky":false,"template":"","format":"standard","meta":{"ngg_post_thumbnail":0,"footnotes":""},"categories":[134],"tags":[306,308,56,307],"class_list":["entry","author-thaise","post-14203","post","type-post","status-publish","format-standard","has-post-thumbnail","category-desenvolve-paraiba","tag-306","tag-acoes-do-governo","tag-joao-azevedo","tag-paraiba-da-gente"],"_links":{"self":[{"href":"http:\/\/www.cinep.pb.gov.br\/portal\/index.php?rest_route=\/wp\/v2\/posts\/14203","targetHints":{"allow":["GET"]}}],"collection":[{"href":"http:\/\/www.cinep.pb.gov.br\/portal\/index.php?rest_route=\/wp\/v2\/posts"}],"about":[{"href":"http:\/\/www.cinep.pb.gov.br\/portal\/index.php?rest_route=\/wp\/v2\/types\/post"}],"author":[{"embeddable":true,"href":"http:\/\/www.cinep.pb.gov.br\/portal\/index.php?rest_route=\/wp\/v2\/users\/7"}],"replies":[{"embeddable":true,"href":"http:\/\/www.cinep.pb.gov.br\/portal\/index.php?rest_route=%2Fwp%2Fv2%2Fcomments&post=14203"}],"version-history":[{"count":2,"href":"http:\/\/www.cinep.pb.gov.br\/portal\/index.php?rest_route=\/wp\/v2\/posts\/14203\/revisions"}],"predecessor-version":[{"id":14206,"href":"http:\/\/www.cinep.pb.gov.br\/portal\/index.php?rest_route=\/wp\/v2\/posts\/14203\/revisions\/14206"}],"wp:featuredmedia":[{"embeddable":true,"href":"http:\/\/www.cinep.pb.gov.br\/portal\/index.php?rest_route=\/wp\/v2\/media\/14204"}],"wp:attachment":[{"href":"http:\/\/www.cinep.pb.gov.br\/portal\/index.php?rest_route=%2Fwp%2Fv2%2Fmedia&parent=14203"}],"wp:term":[{"taxonomy":"category","embeddable":true,"href":"http:\/\/www.cinep.pb.gov.br\/portal\/index.php?rest_route=%2Fwp%2Fv2%2Fcategories&post=14203"},{"taxonomy":"post_tag","embeddable":true,"href":"http:\/\/www.cinep.pb.gov.br\/portal\/index.php?rest_route=%2Fwp%2Fv2%2Ftags&post=14203"}],"curies":[{"name":"wp","href":"https:\/\/api.w.org\/{rel}","templated":true}]}}