{"id":14170,"date":"2025-12-10T14:48:09","date_gmt":"2025-12-10T17:48:09","guid":{"rendered":"https:\/\/www.cinep.pb.gov.br\/portal\/?p=14170"},"modified":"2025-12-10T14:48:09","modified_gmt":"2025-12-10T17:48:09","slug":"saldo-de-empregos-formais-da-paraiba-de-2019-2025-e-cinco-vezes-maior-do-que-o-periodo-anterior","status":"publish","type":"post","link":"http:\/\/www.cinep.pb.gov.br\/portal\/?p=14170","title":{"rendered":"Saldo de empregos formais da Para\u00edba de 2019-2025 \u00e9 cinco vezes maior do que o per\u00edodo anterior"},"content":{"rendered":"<div id=\"content-core\">\n<div id=\"parent-fieldname-text\" class=\"\">\n<div>\n<p align=\"justify\">O saldo de empregos formais da Para\u00edba nos \u00faltimos sete anos (de 2019 at\u00e9 setembro de 2025) se multiplicou, sendo cinco vezes maior do que o observado no per\u00edodo anterior (de 2012 at\u00e9 setembro 2018). Assim, o Estado desfruta dos melhores resultados tanto na gera\u00e7\u00e3o de postos de trabalho como tamb\u00e9m na taxa de desocupa\u00e7\u00e3o.<b> <\/b><\/p>\n<p align=\"justify\">Em n\u00fameros absolutos, com base nos dados do Cadastro Geral de Empregados e Desempregados (Caged), do Minist\u00e9rio do Trabalho, a Para\u00edba gerou no per\u00edodo de 2019 at\u00e9 setembro de 2025 um saldo de 139.734 postos de trabalho com carteira assinada contra um saldo de apenas 25.091 postos do per\u00edodo anterior (de 2012 at\u00e9 setembro de 2018), o que representa uma diferen\u00e7a de 114.643 empregos a mais (5,5 vezes maior). Em termos percentuais, o saldo dos \u00faltimos sete anos cresceu 456,9% sobre o per\u00edodo anterior.<\/p>\n<p align=\"justify\"><b>S<\/b><b>ete anos de saldos positivos<\/b><b> \u2013<\/b> No per\u00edodo de 2019 at\u00e9 setembro de 2025, todos os anos foram de saldos positivos na gera\u00e7\u00e3o de empregos formais no estado, inclusive no ano de 2020, o mais cr\u00edtico da pandemia (+2.359 postos). Entretanto, o destaque desse per\u00edodo ficou para o ano 2021, quando o estado teve o maior saldo de emprego da s\u00e9rie do Caged (35.211), ano marcado pela retomada da economia com o avan\u00e7o da vacina\u00e7\u00e3o contra a Covid-19.<\/p>\n<p align=\"justify\">O saldo acumulado dos \u00faltimos sete anos que chegou a 139.734 postos teve uma m\u00e9dia anual de 19.962 postos\/ano. \u00c9 bom lembrar que o saldo de 2025 ainda est\u00e1 incompleto, pois vai at\u00e9 o m\u00eas de setembro e o segundo semestre sempre \u00e9 o mais aquecido na gera\u00e7\u00e3o de emprego.<\/p>\n<p align=\"justify\"><b>P<\/b><b>er\u00edodo com tr\u00eas anos negativos<\/b><b> \u2013<\/b> J\u00e1 no per\u00edodo de 2012 a 2018, tr\u00eas dos sete anos foram de saldos negativos de empregos com carteira assinada, como foram os casos de 2015, 2016 e de 2017. Somados esses tr\u00eas anos a perda chegou a 30.496 postos. J\u00e1 os outros quatro anos (2012, 2013, 2014 e 2018) foram positivos, que somados geraram 55.587 postos, resultando no saldo de 25.091 vagas. A m\u00e9dia ficou em 3.584 postos\/ano, bem abaixo do atual per\u00edodo (19.962\/ano).<\/p>\n<p align=\"justify\"><b>G<\/b><b>est\u00e3o fiscal e desenvolvimento<\/b><b> \u2013<\/b> Para o secret\u00e1rio de Estado da Fazenda (Sefaz-PB), Marialvo Laureano, a Para\u00edba \u201cvive a maior expans\u00e3o do emprego com carteira assinada da s\u00e9rie hist\u00f3rica do Caged e est\u00e1 provando das consequ\u00eancias de uma pol\u00edtica de governo estadual assertiva\u201d, tendo como base uma gest\u00e3o fiscal alinhada \u00e0 pol\u00edtica de desenvolvimento com foco em obras, amplia\u00e7\u00e3o de pol\u00edticas p\u00fablicas e gera\u00e7\u00e3o de emprego e renda.<\/p>\n<p align=\"justify\">\u201cSabemos que a gera\u00e7\u00e3o de emprego formal depende da combina\u00e7\u00e3o de uma s\u00e9rie de fatores que v\u00e3o desde macroecon\u00f4micos [taxa de juro e infla\u00e7\u00e3o], passando por um ambiente econ\u00f4mico favor\u00e1vel que demanda mais produ\u00e7\u00e3o e m\u00e3o de obra, eleva\u00e7\u00e3o da renda e do consumo, qualifica\u00e7\u00e3o de m\u00e3o de obra e incentivos aos investimentos privados. Contudo, o Governo da Para\u00edba tomou para si\u00a0a responsabilidade de levar a s\u00e9rio e fazer, antes de tudo, o seu dever de casa bem feito. Implantamos uma gest\u00e3o fiscal equilibrada, que \u00e9 premiada h\u00e1 cinco anos consecutivos pelo Tesouro Nacional com a maior nota [Capag A+] e pela ag\u00eancia internacional S&amp;P Global Ratings, com a maior classifica\u00e7\u00e3o de um Estado, para grau de investimento [br AAA]\u201d.<\/p>\n<p align=\"justify\"><b>M<\/b><b>enor taxa de desemprego da hist\u00f3ria<\/b><b> \u2013<\/b>\u00a0\u201cDesde 2019, o Governo da Para\u00edba n\u00e3o apenas paga aos servidores e aos fornecedores em dia, mas recuperou algo fundamental para um crescimento sustentado: a capacidade de investimento do Estado com recursos pr\u00f3prios. Temos transformado as reservas em investimentos permanentes tanto em obras estruturantes nas diversas regi\u00f5es do estado, mas tamb\u00e9m na amplia\u00e7\u00e3o das pol\u00edticas p\u00fablicas. Um dos frutos dessa gest\u00e3o \u00e9 justamente a gera\u00e7\u00e3o de emprego. A Para\u00edba criou mais de 1,3 milh\u00e3o de empregos com carteira assinada em sete anos, gerando um saldo cinco vezes maior nesses sete anos do que o per\u00edodo anterior. N\u00e3o \u00e9 \u00e0 toa que a Para\u00edba chegou em 2025 com a menor taxa de desemprego de toda a s\u00e9rie hist\u00f3rica [7%], segundo a Pnad [Pesquisa Nacional por Amostra de Domic\u00edlios] do IBGE, que come\u00e7ou em 2012, mas \u00e9 fruto de muito trabalho e dedica\u00e7\u00e3o dessa gest\u00e3o estadual que \u00e9 liderada pelo governador Jo\u00e3o Azev\u00eado\u201d, apontou o secret\u00e1rio.<\/p>\n<\/div>\n<\/div>\n<\/div>\n","protected":false},"excerpt":{"rendered":"<p>O saldo de empregos formais da Para\u00edba nos \u00faltimos sete anos (de 2019 at\u00e9 setembro de 2025) se multiplicou, sendo cinco vezes maior do que o observado no per\u00edodo anterior (de 2012 at\u00e9 setembro 2018). Assim, o Estado desfruta dos melhores resultados tanto na gera\u00e7\u00e3o de postos de trabalho como tamb\u00e9m na taxa de desocupa\u00e7\u00e3o. Em n\u00fameros absolutos, com base nos dados do Cadastro Geral de Empregados e Desempregados (Caged),<\/p>\n","protected":false},"author":7,"featured_media":14171,"comment_status":"closed","ping_status":"closed","sticky":false,"template":"","format":"standard","meta":{"ngg_post_thumbnail":0,"footnotes":""},"categories":[134],"tags":[60,269,258,305],"class_list":["entry","author-thaise","post-14170","post","type-post","status-publish","format-standard","has-post-thumbnail","category-desenvolve-paraiba","tag-caged","tag-emprego","tag-pnad","tag-sefaz"],"_links":{"self":[{"href":"http:\/\/www.cinep.pb.gov.br\/portal\/index.php?rest_route=\/wp\/v2\/posts\/14170","targetHints":{"allow":["GET"]}}],"collection":[{"href":"http:\/\/www.cinep.pb.gov.br\/portal\/index.php?rest_route=\/wp\/v2\/posts"}],"about":[{"href":"http:\/\/www.cinep.pb.gov.br\/portal\/index.php?rest_route=\/wp\/v2\/types\/post"}],"author":[{"embeddable":true,"href":"http:\/\/www.cinep.pb.gov.br\/portal\/index.php?rest_route=\/wp\/v2\/users\/7"}],"replies":[{"embeddable":true,"href":"http:\/\/www.cinep.pb.gov.br\/portal\/index.php?rest_route=%2Fwp%2Fv2%2Fcomments&post=14170"}],"version-history":[{"count":1,"href":"http:\/\/www.cinep.pb.gov.br\/portal\/index.php?rest_route=\/wp\/v2\/posts\/14170\/revisions"}],"predecessor-version":[{"id":14172,"href":"http:\/\/www.cinep.pb.gov.br\/portal\/index.php?rest_route=\/wp\/v2\/posts\/14170\/revisions\/14172"}],"wp:featuredmedia":[{"embeddable":true,"href":"http:\/\/www.cinep.pb.gov.br\/portal\/index.php?rest_route=\/wp\/v2\/media\/14171"}],"wp:attachment":[{"href":"http:\/\/www.cinep.pb.gov.br\/portal\/index.php?rest_route=%2Fwp%2Fv2%2Fmedia&parent=14170"}],"wp:term":[{"taxonomy":"category","embeddable":true,"href":"http:\/\/www.cinep.pb.gov.br\/portal\/index.php?rest_route=%2Fwp%2Fv2%2Fcategories&post=14170"},{"taxonomy":"post_tag","embeddable":true,"href":"http:\/\/www.cinep.pb.gov.br\/portal\/index.php?rest_route=%2Fwp%2Fv2%2Ftags&post=14170"}],"curies":[{"name":"wp","href":"https:\/\/api.w.org\/{rel}","templated":true}]}}