{"id":13990,"date":"2025-10-16T16:27:45","date_gmt":"2025-10-16T19:27:45","guid":{"rendered":"https:\/\/www.cinep.pb.gov.br\/portal\/?p=13990"},"modified":"2025-10-16T16:27:45","modified_gmt":"2025-10-16T19:27:45","slug":"varejo-da-paraiba-registra-3a-maior-taxa-de-crescimento-do-pais-em-agosto-revela-ibge","status":"publish","type":"post","link":"http:\/\/www.cinep.pb.gov.br\/portal\/?p=13990","title":{"rendered":"Varejo da Para\u00edba registra 3\u00aa maior taxa de crescimento do Pa\u00eds em agosto, revela IBGE"},"content":{"rendered":"<p>O desempenho do varejo da Para\u00edba tem resistido aos desafios da conjuntura econ\u00f4mica deste ano e se destacado no crescimento nacional. \u00a0Dados da Pesquisa Mensal de Com\u00e9rcio (PMC) divulgada nesta quarta-feira (15) pelo Instituto Brasileiro de Geografia e Estat\u00edstica (IBGE) mostram que o setor na Para\u00edba cresceu 4% em agosto sobre o mesmo per\u00edodo do ano passado, alcan\u00e7ando a terceira maior taxa do Pa\u00eds.<\/p>\n<p>Segundo a pesquisa, tr\u00eas estados do Nordeste lideraram o crescimento do com\u00e9rcio varejista no Pa\u00eds em agosto: Rio Grande do Norte (7,3%), Maranh\u00e3o (4,3%) e Para\u00edba (4%), enquanto o Brasil registrou uma leve alta de apenas 0,4%. Onze estados tiveram retra\u00e7\u00e3o no varejo em agosto.<\/p>\n<p><b>DESTAQUE EM OUTROS INDICADORES \u2013\u00a0<\/b>A Para\u00edba tamb\u00e9m se destacou nacionalmente nos outros dois comparativos do com\u00e9rcio varejista. A taxa de crescimento de agosto sobre julho deste ano ficou em 1,9%, enquanto a taxa do acumulado dos oito meses do ano alcan\u00e7ou 5,5%. Os resultados dos dois \u00edndices do Pa\u00eds foram bem mais modestos: 0,2% e de 1,6%, respectivamente. Nos dois comparativos, a Para\u00edba tamb\u00e9m alcan\u00e7ou a terceira maior taxa do Pa\u00eds. \u00a0\u00a0<b>\u00a0<\/b><\/p>\n<p><b>COM\u00c9RCIO AMPLIADO \u2013<\/b>\u00a0No indicador do com\u00e9rcio varejista ampliado \u2013, que inclui atividades de ve\u00edculos, motos, partes e pe\u00e7as, material de constru\u00e7\u00e3o e atacado de produtos aliment\u00edcios, bebidas e fumo \u2013, a Para\u00edba apresentou alta de 2,3% em agosto sobre o mesmo m\u00eas do ano passado. No acumulado dos oito meses do ano, a Para\u00edba cresceu 5,1%, representando a segunda maior alta entre as unidades da federa\u00e7\u00e3o. No indicador, o Pa\u00eds teve queda tanto em agosto (-2,1%) quanto no acumulado do ano (-0,4%).\u00a0<b>\u00a0<\/b><\/p>\n<p><b>SEGMENTOS QUE MAIS CRESCERAM \u2013<\/b>\u00a0Na compara\u00e7\u00e3o de agosto sobre o mesmo m\u00eas do ano passado, a pesquisa do IBGE revelou que seis das oito atividades cresceram:\u00a0M\u00f3veis e eletrodom\u00e9sticos,\u00a0Artigos farmac\u00eauticos, m\u00e9dicos, ortop\u00e9dicos e de perfumaria,\u00a0Outros artigos de uso pessoal e dom\u00e9stico,\u00a0Tecidos, vestu\u00e1rio e cal\u00e7ados,\u00a0Livros, jornais, revistas e papelaria e\u00a0Combust\u00edveis e lubrificantes. As duas atividades em queda nessa compara\u00e7\u00e3o foram\u00a0Hiper, supermercados, produtos aliment\u00edcios, bebidas e fumo e\u00a0Equipamentos e material para escrit\u00f3rio, inform\u00e1tica e comunica\u00e7\u00e3o.<\/p>\n<p>O secret\u00e1rio de Estado da Fazenda (Sefaz-PB), Marialvo Laureano, revelou que o resultado do varejo \u00e9 mais um \u00edndice positivo da Para\u00edba que se soma ao do PIB, divulgado na semana passada pelo Branco do Brasil.\u00a0\u201cOs resultados das pesquisas do varejo servem como um dos principais term\u00f4metros da atividade econ\u00f4mica dos Estados e a Para\u00edba vem se destacando nacionalmente. Isso \u00e9 devido \u00e0 nossa roda da economia que est\u00e1 girando de forma mais intensa\u201d, frisou.<b>\u00a0<\/b><\/p>\n<p>Segundo Marialvo, a Para\u00edba vem mantendo as primeiras coloca\u00e7\u00f5es em diversos indicadores na Regi\u00e3o e no Pa\u00eds. \u201cIsso \u00e9 fruto de muitos investimentos p\u00fablicos com recursos pr\u00f3prios nos \u00faltimos anos e o que temos mais visto na Para\u00edba s\u00e3o obras estruturantes nas \u00e1reas de rodovias, em seguran\u00e7a h\u00eddrica, no porto, em pontes e viadutos dentre muitos outros. Essas obras d\u00e3o suporte para atrairmos mais empresas,\u00a0prospectarmos mais investimentos privados e, assim, gerarmos mais emprego e renda, al\u00e9m de a\u00e7\u00f5es para melhorarmos o ambiente de neg\u00f3cios\u201d, apontou. \u00a0 \u00a0 \u00a0 \u00a0<b>\u00a0<\/b><\/p>\n<p><b>MAIS SOBRE A PESQUISA \u2013\u00a0<\/b>A Pesquisa Mensal do Com\u00e9rcio (PMC) produz indicadores que permitem acompanhar o comportamento conjuntural do com\u00e9rcio varejista no pa\u00eds, investigando a receita bruta de revenda nas empresas formalmente constitu\u00eddas, com 20 ou mais pessoas ocupadas, e cuja atividade principal \u00e9 o com\u00e9rcio varejista. Iniciada em 1995, a PMC traz resultados mensais da varia\u00e7\u00e3o do volume e receita nominal de vendas para o com\u00e9rcio varejista e com\u00e9rcio varejista ampliado (autom\u00f3veis e materiais de constru\u00e7\u00e3o) para o Brasil e Unidades da Federa\u00e7\u00e3o. Os resultados podem ser consultados no Sidra.<\/p>\n","protected":false},"excerpt":{"rendered":"<p>O desempenho do varejo da Para\u00edba tem resistido aos desafios da conjuntura econ\u00f4mica deste ano e se destacado no crescimento nacional. \u00a0Dados da Pesquisa Mensal de Com\u00e9rcio (PMC) divulgada nesta quarta-feira (15) pelo Instituto Brasileiro de Geografia e Estat\u00edstica (IBGE) mostram que o setor na Para\u00edba cresceu 4% em agosto sobre o mesmo per\u00edodo do ano passado, alcan\u00e7ando a terceira maior taxa do Pa\u00eds. Segundo a pesquisa, tr\u00eas estados do<\/p>\n","protected":false},"author":7,"featured_media":13994,"comment_status":"closed","ping_status":"closed","sticky":false,"template":"","format":"standard","meta":{"ngg_post_thumbnail":0,"footnotes":""},"categories":[134],"tags":[254,204,251,202],"class_list":["entry","author-thaise","post-13990","post","type-post","status-publish","format-standard","has-post-thumbnail","category-desenvolve-paraiba","tag-comercio-varejista","tag-ibge","tag-pesquisa-mensal-do-comercio","tag-varejo"],"_links":{"self":[{"href":"http:\/\/www.cinep.pb.gov.br\/portal\/index.php?rest_route=\/wp\/v2\/posts\/13990","targetHints":{"allow":["GET"]}}],"collection":[{"href":"http:\/\/www.cinep.pb.gov.br\/portal\/index.php?rest_route=\/wp\/v2\/posts"}],"about":[{"href":"http:\/\/www.cinep.pb.gov.br\/portal\/index.php?rest_route=\/wp\/v2\/types\/post"}],"author":[{"embeddable":true,"href":"http:\/\/www.cinep.pb.gov.br\/portal\/index.php?rest_route=\/wp\/v2\/users\/7"}],"replies":[{"embeddable":true,"href":"http:\/\/www.cinep.pb.gov.br\/portal\/index.php?rest_route=%2Fwp%2Fv2%2Fcomments&post=13990"}],"version-history":[{"count":1,"href":"http:\/\/www.cinep.pb.gov.br\/portal\/index.php?rest_route=\/wp\/v2\/posts\/13990\/revisions"}],"predecessor-version":[{"id":13992,"href":"http:\/\/www.cinep.pb.gov.br\/portal\/index.php?rest_route=\/wp\/v2\/posts\/13990\/revisions\/13992"}],"wp:featuredmedia":[{"embeddable":true,"href":"http:\/\/www.cinep.pb.gov.br\/portal\/index.php?rest_route=\/wp\/v2\/media\/13994"}],"wp:attachment":[{"href":"http:\/\/www.cinep.pb.gov.br\/portal\/index.php?rest_route=%2Fwp%2Fv2%2Fmedia&parent=13990"}],"wp:term":[{"taxonomy":"category","embeddable":true,"href":"http:\/\/www.cinep.pb.gov.br\/portal\/index.php?rest_route=%2Fwp%2Fv2%2Fcategories&post=13990"},{"taxonomy":"post_tag","embeddable":true,"href":"http:\/\/www.cinep.pb.gov.br\/portal\/index.php?rest_route=%2Fwp%2Fv2%2Ftags&post=13990"}],"curies":[{"name":"wp","href":"https:\/\/api.w.org\/{rel}","templated":true}]}}