{"id":13980,"date":"2025-10-15T13:45:53","date_gmt":"2025-10-15T16:45:53","guid":{"rendered":"https:\/\/www.cinep.pb.gov.br\/portal\/?p=13980"},"modified":"2025-10-15T13:45:53","modified_gmt":"2025-10-15T16:45:53","slug":"joao-azevedo-destaca-investimentos-no-estado-e-trata-de-pautas-de-interesse-regional-com-superintendente-da-sudene","status":"publish","type":"post","link":"http:\/\/www.cinep.pb.gov.br\/portal\/?p=13980","title":{"rendered":"Jo\u00e3o Azev\u00eado destaca investimentos no Estado e trata de pautas de interesse regional com superintendente da Sudene"},"content":{"rendered":"<p>O governador Jo\u00e3o Azev\u00eado recebeu, na tarde da ter\u00e7a-feira (14), na Granja Santana, em Jo\u00e3o Pessoa, o novo superintendente da Superintend\u00eancia do Desenvolvimento do Nordeste (Sudene), Francisco Ferreira Alexandre, oportunidade em que tratou de pautas priorit\u00e1rias voltadas para o crescimento da regi\u00e3o e destacou a\u00e7\u00f5es desenvolvidas pelo Governo da Para\u00edba para assegurar a melhoria da qualidade de vida da popula\u00e7\u00e3o.<\/p>\n<p>Na ocasi\u00e3o, o chefe do Executivo estadual destacou a import\u00e2ncia da coopera\u00e7\u00e3o entre os Estados e a Sudene em processos de decis\u00e3o e destacou tamb\u00e9m o bom momento da Para\u00edba no cen\u00e1rio nacional. \u201cN\u00f3s temos uma grande capacidade de investimentos em fun\u00e7\u00e3o da nossa gest\u00e3o fiscal que \u00e9 nota A+ pela Secretaria do Tesouro Nacional, o que nos permite realizar grandes investimentos nas mais diversas \u00e1reas, assegurando a gera\u00e7\u00e3o de emprego e renda e resultados positivos em vendas no varejo m\u00eas a m\u00eas\u201d, frisou.<\/p>\n<p>O gestor tamb\u00e9m evidenciou projetos como o Polo Tur\u00edstico Cabo Branco, que tem recebido mais de R$ 2,7 bilh\u00f5es de investimentos na iniciativa privada com a constru\u00e7\u00e3o de nove resorts e tr\u00eas parques tem\u00e1ticos, que contam com o financiamento da Sudene e do Banco do Nordeste, al\u00e9m de a\u00e7\u00f5es na Ci\u00eancia e Tecnologia, com a constru\u00e7\u00e3o do radiotelesc\u00f3pio Bingo e da Cidade da Astronomia, no Sert\u00e3o do Estado, e dos avan\u00e7os para a implanta\u00e7\u00e3o do Centro Internacional de Computa\u00e7\u00e3o Qu\u00e2ntica na Para\u00edba.<\/p>\n<p>Por sua vez, o superintendente da Sudene, Francisco Ferreira, que assumiu o cargo recentemente, se colocou \u00e0 disposi\u00e7\u00e3o para dialogar e desenvolver projetos que viabilizem o desenvolvimento regional e sustent\u00e1vel dos Estados. Ele tamb\u00e9m enalteceu as a\u00e7\u00f5es da gest\u00e3o do governador Jo\u00e3o Azev\u00eado e destacou a proje\u00e7\u00e3o de investimentos do \u00f3rg\u00e3o para o Estado. \u201cN\u00f3s queremos trabalhar em parceria com os Estados para que possamos tomar as decis\u00f5es que melhor se adequem \u00e0 realidade regional e na Para\u00edba, n\u00f3s temos a previs\u00e3o de, no pr\u00f3ximo ano, aumentar em 10% o volume de recursos do Fundo Constitucional de Financiamento do Nordeste em rela\u00e7\u00e3o a 2025, o que representa R$ 3,3 bilh\u00f5es de recursos em projetos estruturantes nas mais diversas \u00e1reas. O Estado tem sido falado em todo o Brasil e quem \u00e9 daqui se sente muito lisonjeado\u201d, falou.<\/p>\n<p>Tamb\u00e9m participaram da reuni\u00e3o os secret\u00e1rios Deusdete Queiroga (Infraestrutura e dos Recursos H\u00eddricos), Gilmar Martins (Planejamento, Or\u00e7amento e Gest\u00e3o) e R\u00f4mulo Polari Filho (diretor-presidente da Companhia de Desenvolvimento da Para\u00edba &#8211; Cinep), o coordenador-geral de Gest\u00e3o Institucional da Sudene, Pabllo Brand\u00e3o, al\u00e9m do vereador de Jo\u00e3o Pessoa Marcus Henriques.<\/p>\n","protected":false},"excerpt":{"rendered":"<p>O governador Jo\u00e3o Azev\u00eado recebeu, na tarde da ter\u00e7a-feira (14), na Granja Santana, em Jo\u00e3o Pessoa, o novo superintendente da Superintend\u00eancia do Desenvolvimento do Nordeste (Sudene), Francisco Ferreira Alexandre, oportunidade em que tratou de pautas priorit\u00e1rias voltadas para o crescimento da regi\u00e3o e destacou a\u00e7\u00f5es desenvolvidas pelo Governo da Para\u00edba para assegurar a melhoria da qualidade de vida da popula\u00e7\u00e3o. Na ocasi\u00e3o, o chefe do Executivo estadual destacou a import\u00e2ncia<\/p>\n","protected":false},"author":7,"featured_media":13981,"comment_status":"closed","ping_status":"closed","sticky":false,"template":"","format":"standard","meta":{"ngg_post_thumbnail":0,"footnotes":""},"categories":[134],"tags":[284,283],"class_list":["entry","author-thaise","post-13980","post","type-post","status-publish","format-standard","has-post-thumbnail","category-desenvolve-paraiba","tag-desenvolvimento-regional","tag-sudene"],"_links":{"self":[{"href":"http:\/\/www.cinep.pb.gov.br\/portal\/index.php?rest_route=\/wp\/v2\/posts\/13980","targetHints":{"allow":["GET"]}}],"collection":[{"href":"http:\/\/www.cinep.pb.gov.br\/portal\/index.php?rest_route=\/wp\/v2\/posts"}],"about":[{"href":"http:\/\/www.cinep.pb.gov.br\/portal\/index.php?rest_route=\/wp\/v2\/types\/post"}],"author":[{"embeddable":true,"href":"http:\/\/www.cinep.pb.gov.br\/portal\/index.php?rest_route=\/wp\/v2\/users\/7"}],"replies":[{"embeddable":true,"href":"http:\/\/www.cinep.pb.gov.br\/portal\/index.php?rest_route=%2Fwp%2Fv2%2Fcomments&post=13980"}],"version-history":[{"count":2,"href":"http:\/\/www.cinep.pb.gov.br\/portal\/index.php?rest_route=\/wp\/v2\/posts\/13980\/revisions"}],"predecessor-version":[{"id":13983,"href":"http:\/\/www.cinep.pb.gov.br\/portal\/index.php?rest_route=\/wp\/v2\/posts\/13980\/revisions\/13983"}],"wp:featuredmedia":[{"embeddable":true,"href":"http:\/\/www.cinep.pb.gov.br\/portal\/index.php?rest_route=\/wp\/v2\/media\/13981"}],"wp:attachment":[{"href":"http:\/\/www.cinep.pb.gov.br\/portal\/index.php?rest_route=%2Fwp%2Fv2%2Fmedia&parent=13980"}],"wp:term":[{"taxonomy":"category","embeddable":true,"href":"http:\/\/www.cinep.pb.gov.br\/portal\/index.php?rest_route=%2Fwp%2Fv2%2Fcategories&post=13980"},{"taxonomy":"post_tag","embeddable":true,"href":"http:\/\/www.cinep.pb.gov.br\/portal\/index.php?rest_route=%2Fwp%2Fv2%2Ftags&post=13980"}],"curies":[{"name":"wp","href":"https:\/\/api.w.org\/{rel}","templated":true}]}}