{"id":13852,"date":"2025-09-12T15:43:26","date_gmt":"2025-09-12T18:43:26","guid":{"rendered":"https:\/\/www.cinep.pb.gov.br\/portal\/?p=13852"},"modified":"2025-09-12T15:47:41","modified_gmt":"2025-09-12T18:47:41","slug":"paraiba-e-segundo-estado-do-nordeste-a-gerar-mais-empregos-em-seis-anos","status":"publish","type":"post","link":"http:\/\/www.cinep.pb.gov.br\/portal\/?p=13852","title":{"rendered":"Para\u00edba \u00e9 segundo Estado do Nordeste a gerar mais empregos em seis anos"},"content":{"rendered":"<p>A Para\u00edba \u00e9 o segundo estado do Nordeste e o d\u00e9cimo primeiro do Brasil que gerou mais empregos nos \u00faltimos seis anos (per\u00edodo janeiro de 2019 a junho de 2025), conforme destacou o perfil Economia Descomplicada, com base em dados do Instituto Brasileiro de Geografia e Estat\u00edstica.<\/p>\n<p>De acordo com os dados analisados, de janeiro de 2019 a junho de 2025, o estoque de empregos na Para\u00edba experimentou um aumento de 30%, ficando abaixo apenas do Maranh\u00e3o (33%) na regi\u00e3o Nordeste. A lideran\u00e7a no pa\u00eds ficou com o Estado de Roraima (61%)<\/p>\n<p>Conforme dados do Cadastro Geral de Empregados e Desempregados (Caged), do Minist\u00e9rio do Trabalho, nos \u00faltimos seis anos a Para\u00edba gerou um saldo de mais de 113 mil empregos formais. Em 2024, o Estado gerou o 2\u00ba maior saldo de empregos formais dos \u00faltimos 12 anos, com a cria\u00e7\u00e3o de 229.298 vagas contra 201.684 desligamentos, gerando um saldo de 27.614 postos com carteira assinada.<\/p>\n<p>Na compara\u00e7\u00e3o com os \u00faltimos 12 anos, com base nos dados do Caged, o saldo de 2024 (27.614) ficou atr\u00e1s apenas do ano de 2022 (35.217), quando houve a retomada econ\u00f4mica, com o fim da pandemia.<\/p>\n<p>J\u00e1 a Pesquisa Nacional por Amostra de Domic\u00edlios (Pnad) Cont\u00ednua do IBGE aponta que a Para\u00edba atingiu a menor taxa de desocupa\u00e7\u00e3o de toda a sua s\u00e9rie hist\u00f3rica, com uma redu\u00e7\u00e3o de 7% no \u00edndice de pessoas desempregadas no 2\u00ba trimestre deste ano, uma queda de 1,7 ponto percentual em rela\u00e7\u00e3o ao mesmo per\u00edodo de 2024.<\/p>\n<p>Com a queda na taxa para 7% no 2\u00ba trimestre deste ano, a Para\u00edba agora est\u00e1 entre os tr\u00eas Estados do Nordeste com menor taxa de desocupa\u00e7\u00e3o. Cear\u00e1 e Maranh\u00e3o est\u00e3o empatados com 6,6% e a Para\u00edba vem em seguida com 7%. J\u00e1 os Estados de Pernambuco (10,5%), Bahia (9,1%) e Piau\u00ed (8,5%) s\u00e3o as maiores da Regi\u00e3o.<\/p>\n<p>Segundo ainda os dados da pesquisa do IBGE, o n\u00famero de pessoas desocupadas caiu 18,6% no 2\u00ba trimestre deste ano em rela\u00e7\u00e3o ao ano passado. Em n\u00fameros absolutos caiu de 154 mil (2\u00ba tri de 2024) para 126 mil (2\u00ba tri de 2025). J\u00e1 a popula\u00e7\u00e3o ocupada atingiu 1,790 milh\u00e3o de pessoas, alta de 7% sobre o ano passado.<\/p>\n","protected":false},"excerpt":{"rendered":"<p>A Para\u00edba \u00e9 o segundo estado do Nordeste e o d\u00e9cimo primeiro do Brasil que gerou mais empregos nos \u00faltimos seis anos (per\u00edodo janeiro de 2019 a junho de 2025), conforme destacou o perfil Economia Descomplicada, com base em dados do Instituto Brasileiro de Geografia e Estat\u00edstica. De acordo com os dados analisados, de janeiro de 2019 a junho de 2025, o estoque de empregos na Para\u00edba experimentou um aumento<\/p>\n","protected":false},"author":7,"featured_media":13858,"comment_status":"closed","ping_status":"closed","sticky":false,"template":"","format":"standard","meta":{"ngg_post_thumbnail":0,"footnotes":""},"categories":[134],"tags":[60,138,269,204,258],"class_list":["entry","author-thaise","post-13852","post","type-post","status-publish","format-standard","has-post-thumbnail","category-desenvolve-paraiba","tag-caged","tag-desenvolve-paraiba","tag-emprego","tag-ibge","tag-pnad"],"_links":{"self":[{"href":"http:\/\/www.cinep.pb.gov.br\/portal\/index.php?rest_route=\/wp\/v2\/posts\/13852","targetHints":{"allow":["GET"]}}],"collection":[{"href":"http:\/\/www.cinep.pb.gov.br\/portal\/index.php?rest_route=\/wp\/v2\/posts"}],"about":[{"href":"http:\/\/www.cinep.pb.gov.br\/portal\/index.php?rest_route=\/wp\/v2\/types\/post"}],"author":[{"embeddable":true,"href":"http:\/\/www.cinep.pb.gov.br\/portal\/index.php?rest_route=\/wp\/v2\/users\/7"}],"replies":[{"embeddable":true,"href":"http:\/\/www.cinep.pb.gov.br\/portal\/index.php?rest_route=%2Fwp%2Fv2%2Fcomments&post=13852"}],"version-history":[{"count":1,"href":"http:\/\/www.cinep.pb.gov.br\/portal\/index.php?rest_route=\/wp\/v2\/posts\/13852\/revisions"}],"predecessor-version":[{"id":13853,"href":"http:\/\/www.cinep.pb.gov.br\/portal\/index.php?rest_route=\/wp\/v2\/posts\/13852\/revisions\/13853"}],"wp:featuredmedia":[{"embeddable":true,"href":"http:\/\/www.cinep.pb.gov.br\/portal\/index.php?rest_route=\/wp\/v2\/media\/13858"}],"wp:attachment":[{"href":"http:\/\/www.cinep.pb.gov.br\/portal\/index.php?rest_route=%2Fwp%2Fv2%2Fmedia&parent=13852"}],"wp:term":[{"taxonomy":"category","embeddable":true,"href":"http:\/\/www.cinep.pb.gov.br\/portal\/index.php?rest_route=%2Fwp%2Fv2%2Fcategories&post=13852"},{"taxonomy":"post_tag","embeddable":true,"href":"http:\/\/www.cinep.pb.gov.br\/portal\/index.php?rest_route=%2Fwp%2Fv2%2Ftags&post=13852"}],"curies":[{"name":"wp","href":"https:\/\/api.w.org\/{rel}","templated":true}]}}