{"id":13805,"date":"2025-08-27T13:42:23","date_gmt":"2025-08-27T16:42:23","guid":{"rendered":"https:\/\/www.cinep.pb.gov.br\/portal\/?p=13805"},"modified":"2025-08-27T13:42:23","modified_gmt":"2025-08-27T16:42:23","slug":"joao-azevedo-celebra-primeiro-lugar-da-paraiba-no-ranking-de-competitividade-pelo-segundo-ano-consecutivo","status":"publish","type":"post","link":"http:\/\/www.cinep.pb.gov.br\/portal\/?p=13805","title":{"rendered":"Jo\u00e3o Azev\u00eado celebra primeiro lugar da Para\u00edba no ranking de competitividade pelo segundo ano consecutivo"},"content":{"rendered":"<p>O governador Jo\u00e3o Azev\u00eado celebrou, nesta quarta-feira (27), a primeira coloca\u00e7\u00e3o da Para\u00edba em n\u00edvel regional no ranking de Competitividade dos Estados, divulgado pelo Centro de Lideran\u00e7a P\u00fablica (CLP). O levantamento tem como base dados da Pesquisa Nacional por Amostra de Domic\u00edlios Cont\u00ednua (PNAD) do Instituto Brasileiro de Geografia e Estat\u00edstica (IBGE).<\/p>\n<p>Dentre os pilares que a Para\u00edba se destacou est\u00e3o o da inova\u00e7\u00e3o (1\u00aa posi\u00e7\u00e3o no Nordeste e 5\u00aa no Brasil) e de potencial de mercado (2\u00ba lugar no Nordeste e 7\u00aa no Brasil).<\/p>\n<p>O chefe do Executivo estadual evidenciou o foco das a\u00e7\u00f5es do governo em pol\u00edticas p\u00fablicas que promovem o desenvolvimento econ\u00f4mico e social do estado, tendo por premissa a solidez fiscal e investimentos em \u00e1reas estrat\u00e9gicas. \u201cPor mais um ano, a Para\u00edba \u00e9 reconhecida pela capacidade de atrair empresas, gerar empregos e garantir mais qualidade de vida para as pessoas. Nos destacamos pelos investimentos p\u00fablicos em pesquisa e desenvolvimento porque sabemos do papel do poder p\u00fablico na forma\u00e7\u00e3o e qualifica\u00e7\u00e3o dos cidad\u00e3os, e no potencial de mercado, mais uma demonstra\u00e7\u00e3o da nossa capacidade de atrair investimentos e fortalecer segmentos, como o do turismo, assegurando novas oportunidades para o nosso povo\u201d, frisou.<\/p>\n<p>A nota geral da Para\u00edba no ranking foi de 49,3, o que garantiu ao estado passar do 12\u00ba lugar no ranking nacional para o 11\u00ba, al\u00e9m da perman\u00eancia no ranking regional, onde o estado continua ocupando o 1\u00ba lugar.<\/p>\n<p>O Ranking de Competitividade dos Estados \u00e9 uma importante ferramenta de avalia\u00e7\u00e3o da gest\u00e3o p\u00fablica estadual. Ao comparar os 27 estados brasileiros em diversos pilares, o estudo incentiva a melhoria cont\u00ednua dos servi\u00e7os prestados \u00e0 popula\u00e7\u00e3o e promove um ambiente favor\u00e1vel ao desenvolvimento econ\u00f4mico e social.<\/p>\n<p>Assim, ele apresenta a an\u00e1lise e capacidade competitiva de todos os estados brasileiros, al\u00e9m do Distrito Federal, avaliando uma s\u00e9rie de pilares. \u00c9 uma das principais ferramentas de avalia\u00e7\u00e3o da gest\u00e3o p\u00fablica do Brasil, pautando a atua\u00e7\u00e3o de l\u00edderes p\u00fablicos em dez \u00e1reas-chave (Solidez Fiscal, Sustentabilidade Ambiental, Capital Humano, Educa\u00e7\u00e3o, Efici\u00eancia da M\u00e1quina P\u00fablica, Infraestrutura, Inova\u00e7\u00e3o, Potencial de Mercado, Seguran\u00e7a P\u00fablica e Sustentabilidade Social).<\/p>\n","protected":false},"excerpt":{"rendered":"<p>O governador Jo\u00e3o Azev\u00eado celebrou, nesta quarta-feira (27), a primeira coloca\u00e7\u00e3o da Para\u00edba em n\u00edvel regional no ranking de Competitividade dos Estados, divulgado pelo Centro de Lideran\u00e7a P\u00fablica (CLP). O levantamento tem como base dados da Pesquisa Nacional por Amostra de Domic\u00edlios Cont\u00ednua (PNAD) do Instituto Brasileiro de Geografia e Estat\u00edstica (IBGE). Dentre os pilares que a Para\u00edba se destacou est\u00e3o o da inova\u00e7\u00e3o (1\u00aa posi\u00e7\u00e3o no Nordeste e 5\u00aa<\/p>\n","protected":false},"author":7,"featured_media":13806,"comment_status":"closed","ping_status":"closed","sticky":false,"template":"","format":"standard","meta":{"ngg_post_thumbnail":0,"footnotes":""},"categories":[134],"tags":[257,214,204,259,64,258,260,199],"class_list":["entry","author-thaise","post-13805","post","type-post","status-publish","format-standard","has-post-thumbnail","category-desenvolve-paraiba","tag-centro-de-lideranca-publica","tag-competitividade","tag-ibge","tag-inovacao","tag-nordeste","tag-pnad","tag-potencial-de-mercado","tag-ranking-de-competitividade"],"_links":{"self":[{"href":"http:\/\/www.cinep.pb.gov.br\/portal\/index.php?rest_route=\/wp\/v2\/posts\/13805","targetHints":{"allow":["GET"]}}],"collection":[{"href":"http:\/\/www.cinep.pb.gov.br\/portal\/index.php?rest_route=\/wp\/v2\/posts"}],"about":[{"href":"http:\/\/www.cinep.pb.gov.br\/portal\/index.php?rest_route=\/wp\/v2\/types\/post"}],"author":[{"embeddable":true,"href":"http:\/\/www.cinep.pb.gov.br\/portal\/index.php?rest_route=\/wp\/v2\/users\/7"}],"replies":[{"embeddable":true,"href":"http:\/\/www.cinep.pb.gov.br\/portal\/index.php?rest_route=%2Fwp%2Fv2%2Fcomments&post=13805"}],"version-history":[{"count":1,"href":"http:\/\/www.cinep.pb.gov.br\/portal\/index.php?rest_route=\/wp\/v2\/posts\/13805\/revisions"}],"predecessor-version":[{"id":13807,"href":"http:\/\/www.cinep.pb.gov.br\/portal\/index.php?rest_route=\/wp\/v2\/posts\/13805\/revisions\/13807"}],"wp:featuredmedia":[{"embeddable":true,"href":"http:\/\/www.cinep.pb.gov.br\/portal\/index.php?rest_route=\/wp\/v2\/media\/13806"}],"wp:attachment":[{"href":"http:\/\/www.cinep.pb.gov.br\/portal\/index.php?rest_route=%2Fwp%2Fv2%2Fmedia&parent=13805"}],"wp:term":[{"taxonomy":"category","embeddable":true,"href":"http:\/\/www.cinep.pb.gov.br\/portal\/index.php?rest_route=%2Fwp%2Fv2%2Fcategories&post=13805"},{"taxonomy":"post_tag","embeddable":true,"href":"http:\/\/www.cinep.pb.gov.br\/portal\/index.php?rest_route=%2Fwp%2Fv2%2Ftags&post=13805"}],"curies":[{"name":"wp","href":"https:\/\/api.w.org\/{rel}","templated":true}]}}