{"id":13791,"date":"2025-08-14T13:50:18","date_gmt":"2025-08-14T16:50:18","guid":{"rendered":"https:\/\/www.cinep.pb.gov.br\/portal\/?p=13791"},"modified":"2025-08-14T13:50:18","modified_gmt":"2025-08-14T16:50:18","slug":"varejo-da-paraiba-fecha-primeiro-semestre-com-2o-maior-crescimento-do-pais-revela-ibge","status":"publish","type":"post","link":"http:\/\/www.cinep.pb.gov.br\/portal\/?p=13791","title":{"rendered":"Varejo da Para\u00edba fecha primeiro semestre com 2\u00ba maior crescimento do Pa\u00eds, revela IBGE"},"content":{"rendered":"<p>O varejo da Para\u00edba fechou o primeiro semestre com a 2\u00aa maior taxa de crescimento do Pa\u00eds. A Pesquisa Mensal de Com\u00e9rcio (PMC), divulgada nesta quarta-feira (13) pelo Instituto Brasileiro de Geografia e Estat\u00edstica (IBGE), mostra que o volume de vendas no acumulado de janeiro a junho deste ano cresceu 6,2% sobre o mesmo per\u00edodo do ano passado, apresentando um descolamento no desempenho junto com Amap\u00e1 (7,8%) e seguido por Santa Catarina (6,2%), com \u00edndice similar, sendo estes os Estados que tiveram as maiores taxas de crescimento do Pa\u00eds.<\/p>\n<p>A taxa de crescimento da Para\u00edba no primeiro semestre (6,2%) foi tr\u00eas vezes superior \u00e0 m\u00e9dia do Pa\u00eds (1,8%). J\u00e1 na compara\u00e7\u00e3o de junho sobre o mesmo m\u00eas do ano passado, a Para\u00edba apresentou a terceira maior alta do Pa\u00eds (3,6%), enquanto a m\u00e9dia do Pa\u00eds foi de apenas de 0,3%.<\/p>\n<p><b>COM\u00c9RCIO AMPLIADO \u2013<\/b>\u00a0No indicador do com\u00e9rcio varejista ampliado \u2013, que inclui atividades de ve\u00edculos, motos, partes e pe\u00e7as, material de constru\u00e7\u00e3o e atacado de produtos aliment\u00edcios, bebidas e fumo \u2013, a Para\u00edba apresentou tamb\u00e9m a segunda maior taxa de expans\u00e3o do Pa\u00eds no primeiro semestre (6%), enquanto a taxa do Pa\u00eds foi de apenas 0,5%.<\/p>\n<p><b>EMPREGO \u00c9 FATOR POSITIVO \u2013<\/b>\u00a0O gerente da pesquisa no IBGE, Cristiano Santos, afirmou que o fator positivo para o com\u00e9rcio \u201c\u00e9 o crescimento e melhora do mercado de trabalho com mais ocupa\u00e7\u00e3o, mais renda e avan\u00e7o da massa salarial. Isso ajuda no poder de compra&#8221;, pontuou.<\/p>\n<p><b>\u201cSA\u00daDE\u201d DO ESTADO INFLUENCIA \u2013<\/b>\u00a0O secret\u00e1rio de Estado da Fazenda, Marialvo Laureano, avaliou que \u201cmesmo em um cen\u00e1rio macroecon\u00f4mico mais desafiante com taxas de juros mais altas e que tendem afetar setores mais sens\u00edveis \u00e0 crise de cr\u00e9dito, como \u00e9 o caso do varejo, a Para\u00edba continua se destacando nacionalmente no indicador mais pelos aspectos internos que nacionais ou internacionais, pois temos um Estado equilibrado em suas contas p\u00fablicas e que mant\u00e9m investimentos p\u00fablicos com recursos pr\u00f3prios crescentes a cada ano\u201d, frisou<\/p>\n<p>Marialvo Laureano acrescentou dois outros indicadores importantes para o crescimento do varejo da Para\u00edba: a gera\u00e7\u00e3o de emprego e o consumo das fam\u00edlias. \u201cEsses dois indicadores t\u00eam sido crescentes no Estado. Por exemplo, fechamos o primeiro semestre com saldo de mais 9 mil empregos com carteira assinada, segundo o Caged, uma expans\u00e3o de 35,73% sobre o primeiro semestre do ano passado. Nos \u00faltimos seis anos e meio, criamos mais de 1,2 milh\u00e3o de empregos e um saldo de 122 mil postos, enquanto o consumo das fam\u00edlias paraibanas este ano ser\u00e1 de R$ R$ 111,7 bilh\u00f5es, o que representa um crescimento de 9,3% sobre o ano anterior, conforme o IPC\u00a0Maps\u201d, detalhou.<\/p>\n<p><b>MAIS SOBRE A PESQUISA \u2013\u00a0<\/b>A Pesquisa Mensal do Com\u00e9rcio (PMC) produz indicadores que permitem acompanhar o comportamento conjuntural do com\u00e9rcio varejista no pa\u00eds, investigando a receita bruta de revenda nas empresas formalmente constitu\u00eddas, com 20 ou mais pessoas ocupadas, e cuja atividade principal \u00e9 o com\u00e9rcio varejista. Iniciada em 1995, a PMC traz resultados mensais da varia\u00e7\u00e3o do volume e receita nominal de vendas para o com\u00e9rcio varejista e com\u00e9rcio varejista ampliado (autom\u00f3veis e materiais de constru\u00e7\u00e3o) para o Brasil e Unidades da Federa\u00e7\u00e3o. Os resultados podem ser consultados no Sidra.<\/p>\n","protected":false},"excerpt":{"rendered":"<p>O varejo da Para\u00edba fechou o primeiro semestre com a 2\u00aa maior taxa de crescimento do Pa\u00eds. A Pesquisa Mensal de Com\u00e9rcio (PMC), divulgada nesta quarta-feira (13) pelo Instituto Brasileiro de Geografia e Estat\u00edstica (IBGE), mostra que o volume de vendas no acumulado de janeiro a junho deste ano cresceu 6,2% sobre o mesmo per\u00edodo do ano passado, apresentando um descolamento no desempenho junto com Amap\u00e1 (7,8%) e seguido por<\/p>\n","protected":false},"author":7,"featured_media":13792,"comment_status":"closed","ping_status":"closed","sticky":false,"template":"","format":"standard","meta":{"ngg_post_thumbnail":0,"footnotes":""},"categories":[134],"tags":[254,40,204,41,251],"class_list":["entry","author-thaise","post-13791","post","type-post","status-publish","format-standard","has-post-thumbnail","category-desenvolve-paraiba","tag-comercio-varejista","tag-desenvolvimento-economico","tag-ibge","tag-paraiba","tag-pesquisa-mensal-do-comercio"],"_links":{"self":[{"href":"http:\/\/www.cinep.pb.gov.br\/portal\/index.php?rest_route=\/wp\/v2\/posts\/13791","targetHints":{"allow":["GET"]}}],"collection":[{"href":"http:\/\/www.cinep.pb.gov.br\/portal\/index.php?rest_route=\/wp\/v2\/posts"}],"about":[{"href":"http:\/\/www.cinep.pb.gov.br\/portal\/index.php?rest_route=\/wp\/v2\/types\/post"}],"author":[{"embeddable":true,"href":"http:\/\/www.cinep.pb.gov.br\/portal\/index.php?rest_route=\/wp\/v2\/users\/7"}],"replies":[{"embeddable":true,"href":"http:\/\/www.cinep.pb.gov.br\/portal\/index.php?rest_route=%2Fwp%2Fv2%2Fcomments&post=13791"}],"version-history":[{"count":2,"href":"http:\/\/www.cinep.pb.gov.br\/portal\/index.php?rest_route=\/wp\/v2\/posts\/13791\/revisions"}],"predecessor-version":[{"id":13794,"href":"http:\/\/www.cinep.pb.gov.br\/portal\/index.php?rest_route=\/wp\/v2\/posts\/13791\/revisions\/13794"}],"wp:featuredmedia":[{"embeddable":true,"href":"http:\/\/www.cinep.pb.gov.br\/portal\/index.php?rest_route=\/wp\/v2\/media\/13792"}],"wp:attachment":[{"href":"http:\/\/www.cinep.pb.gov.br\/portal\/index.php?rest_route=%2Fwp%2Fv2%2Fmedia&parent=13791"}],"wp:term":[{"taxonomy":"category","embeddable":true,"href":"http:\/\/www.cinep.pb.gov.br\/portal\/index.php?rest_route=%2Fwp%2Fv2%2Fcategories&post=13791"},{"taxonomy":"post_tag","embeddable":true,"href":"http:\/\/www.cinep.pb.gov.br\/portal\/index.php?rest_route=%2Fwp%2Fv2%2Ftags&post=13791"}],"curies":[{"name":"wp","href":"https:\/\/api.w.org\/{rel}","templated":true}]}}