{"id":13787,"date":"2025-08-13T13:45:19","date_gmt":"2025-08-13T16:45:19","guid":{"rendered":"https:\/\/www.cinep.pb.gov.br\/portal\/?p=13787"},"modified":"2025-08-13T13:45:19","modified_gmt":"2025-08-13T16:45:19","slug":"joao-azevedo-e-homenageado-pela-revista-painel-empresarial-pelos-investimentos-em-infraestrutura-e-resultados-da-economia-do-estado","status":"publish","type":"post","link":"http:\/\/www.cinep.pb.gov.br\/portal\/?p=13787","title":{"rendered":"Jo\u00e3o Azev\u00eado \u00e9 homenageado pela Revista Painel Empresarial pelos investimentos em infraestrutura e resultados da economia do Estado"},"content":{"rendered":"<p>O governador Jo\u00e3o Azev\u00eado foi homenageado, nesta ter\u00e7a-feira (12), pela Revista Painel Empresarial pelos resultados da gest\u00e3o fiscal e econ\u00f4mica, al\u00e9m dos investimentos em infraestrutura em todo o Estado. O evento ocorreu no Restaurante Gulliver Mar, em Jo\u00e3o Pessoa, e contou com a presen\u00e7a de empres\u00e1rios de diversos segmentos econ\u00f4micos.<\/p>\n<p>Na oportunidade, o chefe do Executivo estadual agradeceu a homenagem e destacou os avan\u00e7os econ\u00f4micos do Estado. \u201cN\u00f3s temos promovido ao longo dos \u00faltimos anos o desenvolvimento econ\u00f4mico da Para\u00edba, assegurando um ambiente seguro e respeitoso para os empres\u00e1rios. N\u00f3s somos rating A por cinco anos consecutivos e ficamos felizes por ver a presen\u00e7a do governo em todos os munic\u00edpios, com mais de 650 obras em andamento, tamb\u00e9m lan\u00e7amos o programa Para\u00edba 2025-2026 com R$ 11,5 bilh\u00f5es de investimentos, refor\u00e7ando o nosso compromisso com a melhoria da condi\u00e7\u00e3o de vida das pessoas porque entendemos que fazer gest\u00e3o p\u00fablica \u00e9 cuidar e incluir pessoas\u201d, frisou.<\/p>\n<p>O gestor tamb\u00e9m ressaltou o novo momento do turismo da Para\u00edba com a constru\u00e7\u00e3o de empreendimentos no Polo Tur\u00edstico Cabo Branco. \u201cN\u00f3s conseguimos destravar esse projeto e hoje temos mais de R$ 2,7 bilh\u00f5es de investimentos da iniciativa privada que est\u00e1 construindo mais de 14 mil leitos de hotelaria e ir\u00e1 gerar mais de 20 mil empregos na fase de opera\u00e7\u00e3o\u201d, acrescentou.<\/p>\n<p>O diretor-presidente da revista Painel Empresarial, Emanuel Montenegro, evidenciou a satisfa\u00e7\u00e3o de homenagear o governador Jo\u00e3o Azev\u00eado em virtude do novo momento da Para\u00edba. \u201cNesse evento em que homenageamos os maiores empreendedores do Estado tamb\u00e9m fizemos quest\u00e3o de agradecer ao governador pela excelente gest\u00e3o que tem feito, com obras por toda a Para\u00edba e pelos resultados da nossa economia, como \u00e9 constatado pela Secretaria do Tesouro Nacional\u201d, disse.<\/p>\n<p>O presidente da Fecom\u00e9rcio, Marconi Medeiros, tamb\u00e9m enalteceu a efici\u00eancia da gest\u00e3o do governador Jo\u00e3o Azev\u00eado. \u201cO \u00edndice de confian\u00e7a do empresariado vem crescendo e isso nos mostra que o Estado est\u00e1 no caminho certo, tanto na \u00e1rea do poder p\u00fablico, quanto na iniciativa privada. Eu parabenizo o governador por ter montado uma verdadeira infraestrutura n\u00e3o s\u00f3 na Capital, mas em todo o Estado e hoje temos uma nova e grande Para\u00edba e n\u00e3o precisamos mais ter vergonha de dizer que somos paraibanos\u201d, enfatizou.<\/p>\n<p>O evento foi prestigiado pelo vice-governador Lucas Ribeiro; pelo presidente da Assembleia Legislativa, Adriano Galdino; pelo prefeito de Jo\u00e3o Pessoa, C\u00edcero Lucena; al\u00e9m dos secret\u00e1rios Marialvo Laureano (Fazenda), Ros\u00e1lia Lucas (Turismo e Desenvolvimento Econ\u00f4mico) e R\u00f4mulo Polari Filho (presidente da Companhia de Desenvolvimento da Para\u00edba &#8211; Cinep).<\/p>\n","protected":false},"excerpt":{"rendered":"<p>O governador Jo\u00e3o Azev\u00eado foi homenageado, nesta ter\u00e7a-feira (12), pela Revista Painel Empresarial pelos resultados da gest\u00e3o fiscal e econ\u00f4mica, al\u00e9m dos investimentos em infraestrutura em todo o Estado. O evento ocorreu no Restaurante Gulliver Mar, em Jo\u00e3o Pessoa, e contou com a presen\u00e7a de empres\u00e1rios de diversos segmentos econ\u00f4micos. Na oportunidade, o chefe do Executivo estadual agradeceu a homenagem e destacou os avan\u00e7os econ\u00f4micos do Estado. \u201cN\u00f3s temos promovido<\/p>\n","protected":false},"author":7,"featured_media":13788,"comment_status":"closed","ping_status":"closed","sticky":false,"template":"","format":"standard","meta":{"ngg_post_thumbnail":0,"footnotes":""},"categories":[134],"tags":[213,211,41,76],"class_list":["entry","author-thaise","post-13787","post","type-post","status-publish","format-standard","has-post-thumbnail","category-desenvolve-paraiba","tag-desenvolve","tag-infraestrutura","tag-paraiba","tag-polo-cabo-branco"],"_links":{"self":[{"href":"http:\/\/www.cinep.pb.gov.br\/portal\/index.php?rest_route=\/wp\/v2\/posts\/13787","targetHints":{"allow":["GET"]}}],"collection":[{"href":"http:\/\/www.cinep.pb.gov.br\/portal\/index.php?rest_route=\/wp\/v2\/posts"}],"about":[{"href":"http:\/\/www.cinep.pb.gov.br\/portal\/index.php?rest_route=\/wp\/v2\/types\/post"}],"author":[{"embeddable":true,"href":"http:\/\/www.cinep.pb.gov.br\/portal\/index.php?rest_route=\/wp\/v2\/users\/7"}],"replies":[{"embeddable":true,"href":"http:\/\/www.cinep.pb.gov.br\/portal\/index.php?rest_route=%2Fwp%2Fv2%2Fcomments&post=13787"}],"version-history":[{"count":1,"href":"http:\/\/www.cinep.pb.gov.br\/portal\/index.php?rest_route=\/wp\/v2\/posts\/13787\/revisions"}],"predecessor-version":[{"id":13789,"href":"http:\/\/www.cinep.pb.gov.br\/portal\/index.php?rest_route=\/wp\/v2\/posts\/13787\/revisions\/13789"}],"wp:featuredmedia":[{"embeddable":true,"href":"http:\/\/www.cinep.pb.gov.br\/portal\/index.php?rest_route=\/wp\/v2\/media\/13788"}],"wp:attachment":[{"href":"http:\/\/www.cinep.pb.gov.br\/portal\/index.php?rest_route=%2Fwp%2Fv2%2Fmedia&parent=13787"}],"wp:term":[{"taxonomy":"category","embeddable":true,"href":"http:\/\/www.cinep.pb.gov.br\/portal\/index.php?rest_route=%2Fwp%2Fv2%2Fcategories&post=13787"},{"taxonomy":"post_tag","embeddable":true,"href":"http:\/\/www.cinep.pb.gov.br\/portal\/index.php?rest_route=%2Fwp%2Fv2%2Ftags&post=13787"}],"curies":[{"name":"wp","href":"https:\/\/api.w.org\/{rel}","templated":true}]}}