{"id":13703,"date":"2025-07-14T14:59:41","date_gmt":"2025-07-14T17:59:41","guid":{"rendered":"https:\/\/www.cinep.pb.gov.br\/portal\/?p=13703"},"modified":"2025-07-14T14:59:41","modified_gmt":"2025-07-14T17:59:41","slug":"joao-azevedo-formaliza-instalacao-de-parque-tematico-terra-dos-dinos-no-polo-turistico-cabo-branco","status":"publish","type":"post","link":"http:\/\/www.cinep.pb.gov.br\/portal\/?p=13703","title":{"rendered":"Jo\u00e3o Azev\u00eado formaliza instala\u00e7\u00e3o de Parque Tem\u00e1tico Terra dos Dinos no Polo Tur\u00edstico Cabo Branco"},"content":{"rendered":"<p>O governador Jo\u00e3o Azev\u00eado formalizou, nesta segunda-feira (14), em Jo\u00e3o Pessoa, a instala\u00e7\u00e3o do novo parque tem\u00e1tico seco do Polo Tur\u00edstico Cabo Branco &#8211; o Parque Terra dos Dinos. O empreendimento ir\u00e1 injetar, inicialmente, at\u00e9 R$ 100 milh\u00f5es na economia paraibana e a gera\u00e7\u00e3o de 600 empregos diretos e indiretos. O projeto possui refer\u00eancias regionais e cient\u00edficas, entre elas o Vale dos Dinossauros, localizado no munic\u00edpio de Sousa, no Sert\u00e3o da Para\u00edba.<\/p>\n<p>O Parque Terra dos Dinos, refer\u00eancia nacional em turismo tem\u00e1tico com foco em educa\u00e7\u00e3o ambiental e preserva\u00e7\u00e3o da biodiversidade, tem como objetivo oferecer uma experi\u00eancia imersiva e educativa, que alie entretenimento, conhecimento e consci\u00eancia ambiental. O complexo contar\u00e1 com outras quatro \u00e1reas tem\u00e1ticas, desenhadas para promover experi\u00eancias ligadas \u00e0 biodiversidade, cultura brasileira e hist\u00f3ria da civiliza\u00e7\u00e3o.<\/p>\n<p>Na ocasi\u00e3o, o chefe do Executivo estadual ressaltou a consolida\u00e7\u00e3o do Polo Tur\u00edstico Cabo Branco e destacou que a chegada do parque tem\u00e1tico Terra dos Dinos impulsionar\u00e1 a atra\u00e7\u00e3o de turistas. \u201cEsse \u00e9 um empreendimento que j\u00e1 \u00e9 um sucesso e agora chega um grande parque tem\u00e1tico que vai consolidar ainda mais o nosso destino. Eu n\u00e3o tenho d\u00favida de que teremos uma mudan\u00e7a de chave no turismo da Para\u00edba, que j\u00e1 \u00e9 muito forte, j\u00e1 que praticamente n\u00e3o temos baixa esta\u00e7\u00e3o porque todos os hot\u00e9is t\u00eam ocupa\u00e7\u00e3o acima de 80% em virtude dos eventos que temos atra\u00eddo durante todo o ano\u201d, frisou.<\/p>\n<p>O Parque Terra dos Dinos contar\u00e1 com as \u00e1reas Herdeiros da Terra, que ir\u00e1 explorar de forma simb\u00f3lica a rela\u00e7\u00e3o evolutiva entre r\u00e9pteis e dinossauros, com foco nos biomas da caatinga e da Mata Atl\u00e2ntica e na fauna t\u00edpica da regi\u00e3o; Mist\u00e9rios da Mata, um espa\u00e7o sensorial voltado \u00e0s lendas e mitos do folclore nacional, com ambienta\u00e7\u00f5es imersivas que dialogam com a natureza e as tradi\u00e7\u00f5es orais brasileiras. Parque Humanidades, um ambiente que aborda a trajet\u00f3ria da civiliza\u00e7\u00e3o em escala local e global, com refer\u00eancias \u00e0 Pedra do Ing\u00e1 e suas inscri\u00e7\u00f5es rupestres, valorizando a contribui\u00e7\u00e3o de comunidades ind\u00edgenas, incluindo os povos potiguaras e tabajaras, as comunidades quilombolas e demais grupos tradicionais da Para\u00edba. A \u00e1rea tem\u00e1tica tamb\u00e9m se inspira no Vale dos Dinossauros de Sousa e, conectando passado e futuro, na \u00e1rea espacial integra o mundo da astronomia presente na Terra dos Dinos com o Radiotelesc\u00f3pio Bingo, localizado em Aguiar; e a Vila Verde, um centro de conviv\u00eancia que integrar\u00e1 os parques por meio de um shopping a c\u00e9u aberto, \u00e1reas culturais, audit\u00f3rio, teatro e feiras voltadas \u00e0 economia criativa.<\/p>\n<p>Todos os parques seguir\u00e3o rigorosos padr\u00f5es de sustentabilidade e planejamento ambiental, com conex\u00e3o direta \u00e0 infraestrutura do Polo Tur\u00edstico Cabo Branco, incluindo vias de integra\u00e7\u00e3o com empreendimentos hoteleiros, \u00e1reas verdes e equipamentos p\u00fablicos do complexo.<\/p>\n<p>A nova unidade do Parque Terra dos Dinos tem inaugura\u00e7\u00e3o prevista para os pr\u00f3ximos 18 meses. A implanta\u00e7\u00e3o das demais \u00e1reas ser\u00e1 realizada de forma escalonada, com previs\u00e3o de conclus\u00e3o total do complexo em at\u00e9 tr\u00eas anos.<\/p>\n<p>O fundador do parque tem\u00e1tico Terra dos Dinos, M\u00e1rcio Clare, enalteceu a receptividade que recebeu do Governo do Estado para a implanta\u00e7\u00e3o do projeto. \u201cA gest\u00e3o \u00e9 parceira do empres\u00e1rio, fomos muito bem recebidos. Os nossos projetos est\u00e3o praticamente prontos e escolhemos a Para\u00edba pela conex\u00e3o com Sousa e hoje o Estado \u00e9 uma refer\u00eancia no Brasil, o trabalho do governador \u00e9 impressionante e essa terra \u00e9 a bola da vez no turismo\u201d, falou.<\/p>\n<p>O presidente da Companhia de Desenvolvimento da Para\u00edba (Cinep), R\u00f4mulo Polari Filho, destacou o novo momento do turismo da Para\u00edba com os novos empreendimentos que se instalam em Jo\u00e3o Pessoa. \u201cO Polo Tur\u00edstico tem um mix bem interessante de equipamentos. J\u00e1 s\u00e3o 14 mil leitos de resorts, tem um grande parque aqu\u00e1tico e com esse empreendimento vamos ter dois parques tem\u00e1ticos que t\u00eam um potencial de atrair muitos turistas e teremos tudo isso em um canto s\u00f3. N\u00f3s vamos ter em Jo\u00e3o Pessoa um turismo qualificado, que tem a ver com a nossa hist\u00f3ria e j\u00e1 s\u00e3o R$ 2,6 bilh\u00f5es de investimentos no Polo\u201d, comentou.<\/p>\n<p><b>Polo Tur\u00edstico Cabo Branco<\/b>\u00a0\u2013 O Polo Tur\u00edstico Cabo Branco, maior complexo tur\u00edstico\u00a0planejado em execu\u00e7\u00e3o do Brasil, \u00e9 um projeto do Governo do Estado da Para\u00edba,\u00a0situado em Jo\u00e3o Pessoa, e reunir\u00e1 resorts, parque aqu\u00e1tico,\u00a0parque tem\u00e1tico, equipamentos de anima\u00e7\u00e3o e estabelecimentos de com\u00e9rcio e servi\u00e7os, tudo\u00a0em um s\u00f3 lugar.<\/p>\n<p>O complexo tur\u00edstico est\u00e1 inserido em uma \u00e1rea de 654 hectares, em uma regi\u00e3o\u00a0privilegiada de Jo\u00e3o Pessoa e pr\u00f3ximo a diversos pontos tur\u00edsticos. Ambientalmente\u00a0sustent\u00e1vel, est\u00e1 situado entre o mar do litoral sul paraibano e o verde da Mata\u00a0Atl\u00e2ntica, sendo abra\u00e7ado pelo Parque das Trilhas \u2014 a maior reserva ambiental de mata\u00a0atl\u00e2ntica nativa inserida na malha urbana do Brasil \u2014, composto por mais de 575\u00a0hectares. No local, foram instalados os batalh\u00f5es da pol\u00edcia ambiental e tur\u00edstica, al\u00e9m\u00a0de uma unidade de conserva\u00e7\u00e3o do parque.<\/p>\n<p>O Polo Cabo Branco j\u00e1 possui nove empreendimentos com contratos assinados: Ocean Palace Jampa Eco Beach Resort, Amado Bio &amp; SPA Hotel, Tau\u00e1 Resort &amp; Convention Jo\u00e3o\u00a0Pessoa, Acqua\u00ed Parks &amp; Resort, Holanda\u2019s Gold Resort Club, Mardisa Hotel e Resort,\u00a0W.A.M. Experience, Hotel Resort Setai e The Westin Jo\u00e3o Pessoa. Os quatro primeiros, inclusive, j\u00e1 est\u00e3o em fase\u00a0de constru\u00e7\u00e3o e os demais nas etapas de licenciamento.<\/p>\n<p>Al\u00e9m deles, o Governo do Estado est\u00e1 construindo o Boulevard dos Ip\u00eas \u2013 a grande via\u00a0p\u00fablica do Polo, com 700 m de extens\u00e3o por 33 m de largura e cerca de 20 mil m\u00b2 de \u00e1rea constru\u00edda, que ligar\u00e1 o Centro de Conven\u00e7\u00f5es \u00e0 praia. Tamb\u00e9m \u00e9 projeto do\u00a0Governo a constru\u00e7\u00e3o da Vila dos Pescadores, que incluir\u00e1 socialmente os pescadores\u00a0da comunidade do Jacarap\u00e9 com moradias e um centro comercial e a Escola de\u00a0Gastronomia, Hotelaria e Idiomas, focada na forma\u00e7\u00e3o t\u00e9cnica de jovens da comunidade\u00a0do Aratu, localizada pr\u00f3xima ao complexo\u00a0tur\u00edstico.<\/p>\n<p>A solenidade foi prestigiada pela primeira-dama Ana Maria Lins; pelo secret\u00e1rio executivo do Turismo, Delano Tavares; pelo presidente da Empresa Paraibana de Turismo (PBTur), Ferdinando Lucena; e pela presidente da Empresa Paraibana de Comunica\u00e7\u00e3o (EPC), Nan\u00e1 Garcez.<\/p>\n","protected":false},"excerpt":{"rendered":"<p>O governador Jo\u00e3o Azev\u00eado formalizou, nesta segunda-feira (14), em Jo\u00e3o Pessoa, a instala\u00e7\u00e3o do novo parque tem\u00e1tico seco do Polo Tur\u00edstico Cabo Branco &#8211; o Parque Terra dos Dinos. O empreendimento ir\u00e1 injetar, inicialmente, at\u00e9 R$ 100 milh\u00f5es na economia paraibana e a gera\u00e7\u00e3o de 600 empregos diretos e indiretos. O projeto possui refer\u00eancias regionais e cient\u00edficas, entre elas o Vale dos Dinossauros, localizado no munic\u00edpio de Sousa, no Sert\u00e3o<\/p>\n","protected":false},"author":7,"featured_media":13704,"comment_status":"closed","ping_status":"closed","sticky":false,"template":"","format":"standard","meta":{"ngg_post_thumbnail":0,"footnotes":""},"categories":[132],"tags":[41,252,126,154],"class_list":["entry","author-thaise","post-13703","post","type-post","status-publish","format-standard","has-post-thumbnail","category-polo-turistico-cabo-branco","tag-paraiba","tag-parque-terra-dos-dinos","tag-polo-turistico-cabo-branco","tag-turismo"],"_links":{"self":[{"href":"http:\/\/www.cinep.pb.gov.br\/portal\/index.php?rest_route=\/wp\/v2\/posts\/13703","targetHints":{"allow":["GET"]}}],"collection":[{"href":"http:\/\/www.cinep.pb.gov.br\/portal\/index.php?rest_route=\/wp\/v2\/posts"}],"about":[{"href":"http:\/\/www.cinep.pb.gov.br\/portal\/index.php?rest_route=\/wp\/v2\/types\/post"}],"author":[{"embeddable":true,"href":"http:\/\/www.cinep.pb.gov.br\/portal\/index.php?rest_route=\/wp\/v2\/users\/7"}],"replies":[{"embeddable":true,"href":"http:\/\/www.cinep.pb.gov.br\/portal\/index.php?rest_route=%2Fwp%2Fv2%2Fcomments&post=13703"}],"version-history":[{"count":1,"href":"http:\/\/www.cinep.pb.gov.br\/portal\/index.php?rest_route=\/wp\/v2\/posts\/13703\/revisions"}],"predecessor-version":[{"id":13705,"href":"http:\/\/www.cinep.pb.gov.br\/portal\/index.php?rest_route=\/wp\/v2\/posts\/13703\/revisions\/13705"}],"wp:featuredmedia":[{"embeddable":true,"href":"http:\/\/www.cinep.pb.gov.br\/portal\/index.php?rest_route=\/wp\/v2\/media\/13704"}],"wp:attachment":[{"href":"http:\/\/www.cinep.pb.gov.br\/portal\/index.php?rest_route=%2Fwp%2Fv2%2Fmedia&parent=13703"}],"wp:term":[{"taxonomy":"category","embeddable":true,"href":"http:\/\/www.cinep.pb.gov.br\/portal\/index.php?rest_route=%2Fwp%2Fv2%2Fcategories&post=13703"},{"taxonomy":"post_tag","embeddable":true,"href":"http:\/\/www.cinep.pb.gov.br\/portal\/index.php?rest_route=%2Fwp%2Fv2%2Ftags&post=13703"}],"curies":[{"name":"wp","href":"https:\/\/api.w.org\/{rel}","templated":true}]}}