{"id":13678,"date":"2025-06-30T13:18:13","date_gmt":"2025-06-30T16:18:13","guid":{"rendered":"https:\/\/www.cinep.pb.gov.br\/portal\/?p=13678"},"modified":"2025-06-30T13:18:13","modified_gmt":"2025-06-30T16:18:13","slug":"paraiba-e-destaque-em-volume-de-vendas-do-comercio-e-de-servicos-em-2024-revela-publicacao-do-ibge","status":"publish","type":"post","link":"http:\/\/www.cinep.pb.gov.br\/portal\/?p=13678","title":{"rendered":"Para\u00edba \u00e9 destaque em volume de vendas do com\u00e9rcio e de servi\u00e7os em 2024, revela publica\u00e7\u00e3o do IBGE"},"content":{"rendered":"<p>A Para\u00edba foi o segundo estado brasileiro a registrar maior crescimento do volume de vendas do com\u00e9rcio varejista no ano passado, de acordo com os Indicadores Econ\u00f4micos do Brasil 2024, que foram divulgados pelo Instituto Brasileiro de Geografia e Estat\u00edstica (IBGE) nessa \u00faltima semana. Conforme a publica\u00e7\u00e3o, no acumulado de 2024, todas as Unidades da Federa\u00e7\u00e3o registraram crescimento do volume de vendas do com\u00e9rcio varejista, sendo que os maiores ganhos foram observados no Amap\u00e1 (17,0%), na Para\u00edba (11,6%) e no Tocantins (8,4%).<\/p>\n<p>J\u00e1 o avan\u00e7o do volume de servi\u00e7os no Brasil (3,2%) se deu de forma disseminada entre as Unidades da Federa\u00e7\u00e3o, j\u00e1 que 21 delas mostraram expans\u00e3o na receita real de servi\u00e7os. A taxa anual de crescimento do volume de servi\u00e7os da Para\u00edba foi de 4,8%, percentual acima do registrado pelo Brasil, que foi de 3,2%. Em rela\u00e7\u00e3o aos estados, a Para\u00edba, nesse ranking, ficou em segundo lugar no Nordeste e s\u00e9timo no pa\u00eds. Os destaques em termos de crescimento regionais foram Amazonas (10,2%), Sergipe (7,1%), Santa Catarina (6,4%), Esp\u00edrito Santo (6,3%) e Distrito Federal (5,7%).<\/p>\n<p>De acordo com a publica\u00e7\u00e3o, o &#8220;ano de 2024 foi marcado por desequil\u00edbrios clim\u00e1ticos extremos e incertezas&#8221;, tanto no cen\u00e1rio externo, com a perman\u00eancia de conflitos na Europa e no Oriente M\u00e9dio, como no cen\u00e1rio dom\u00e9stico, com expectativas relacionadas com a condu\u00e7\u00e3o da pol\u00edtica fiscal. Ainda assim, a Para\u00edba alcan\u00e7ou crescimento e destaque em pelo menos dois dos grandes setores respons\u00e1veis pela movimenta\u00e7\u00e3o da economia: no com\u00e9rcio e nos servi\u00e7os.<\/p>\n<p>\u201c\u00c9 a gest\u00e3o fiscal conduzida pelo governador Jo\u00e3o Azev\u00eado que tem se mostrado acertada ao longo do tempo, como os Estudos e Pesquisas realizadas pelo IBGE demonstraram. Os Indicadores Econ\u00f4micos do Brasil 2024 evidenciaram que o governo da Para\u00edba com a pol\u00edtica de pagamentos de servidores e fornecedores em dia, ambiente de neg\u00f3cio competitivo, baixo endividamento e capacidade de investimentos, trilha o caminho que favorece ao crescimento da atividade econ\u00f4mica, gera\u00e7\u00e3o de emprego e renda\u201d, disse o secret\u00e1rio do Planejamento, Or\u00e7amento e Gest\u00e3o, Gilmar Martins.<\/p>\n","protected":false},"excerpt":{"rendered":"<p>A Para\u00edba foi o segundo estado brasileiro a registrar maior crescimento do volume de vendas do com\u00e9rcio varejista no ano passado, de acordo com os Indicadores Econ\u00f4micos do Brasil 2024, que foram divulgados pelo Instituto Brasileiro de Geografia e Estat\u00edstica (IBGE) nessa \u00faltima semana. Conforme a publica\u00e7\u00e3o, no acumulado de 2024, todas as Unidades da Federa\u00e7\u00e3o registraram crescimento do volume de vendas do com\u00e9rcio varejista, sendo que os maiores ganhos<\/p>\n","protected":false},"author":7,"featured_media":13679,"comment_status":"closed","ping_status":"closed","sticky":false,"template":"","format":"standard","meta":{"ngg_post_thumbnail":0,"footnotes":""},"categories":[134],"tags":[222,213,204,41],"class_list":["entry","author-thaise","post-13678","post","type-post","status-publish","format-standard","has-post-thumbnail","category-desenvolve-paraiba","tag-comercio","tag-desenvolve","tag-ibge","tag-paraiba"],"_links":{"self":[{"href":"http:\/\/www.cinep.pb.gov.br\/portal\/index.php?rest_route=\/wp\/v2\/posts\/13678","targetHints":{"allow":["GET"]}}],"collection":[{"href":"http:\/\/www.cinep.pb.gov.br\/portal\/index.php?rest_route=\/wp\/v2\/posts"}],"about":[{"href":"http:\/\/www.cinep.pb.gov.br\/portal\/index.php?rest_route=\/wp\/v2\/types\/post"}],"author":[{"embeddable":true,"href":"http:\/\/www.cinep.pb.gov.br\/portal\/index.php?rest_route=\/wp\/v2\/users\/7"}],"replies":[{"embeddable":true,"href":"http:\/\/www.cinep.pb.gov.br\/portal\/index.php?rest_route=%2Fwp%2Fv2%2Fcomments&post=13678"}],"version-history":[{"count":1,"href":"http:\/\/www.cinep.pb.gov.br\/portal\/index.php?rest_route=\/wp\/v2\/posts\/13678\/revisions"}],"predecessor-version":[{"id":13680,"href":"http:\/\/www.cinep.pb.gov.br\/portal\/index.php?rest_route=\/wp\/v2\/posts\/13678\/revisions\/13680"}],"wp:featuredmedia":[{"embeddable":true,"href":"http:\/\/www.cinep.pb.gov.br\/portal\/index.php?rest_route=\/wp\/v2\/media\/13679"}],"wp:attachment":[{"href":"http:\/\/www.cinep.pb.gov.br\/portal\/index.php?rest_route=%2Fwp%2Fv2%2Fmedia&parent=13678"}],"wp:term":[{"taxonomy":"category","embeddable":true,"href":"http:\/\/www.cinep.pb.gov.br\/portal\/index.php?rest_route=%2Fwp%2Fv2%2Fcategories&post=13678"},{"taxonomy":"post_tag","embeddable":true,"href":"http:\/\/www.cinep.pb.gov.br\/portal\/index.php?rest_route=%2Fwp%2Fv2%2Ftags&post=13678"}],"curies":[{"name":"wp","href":"https:\/\/api.w.org\/{rel}","templated":true}]}}